{"id":339812,"date":"2025-08-11T11:55:22","date_gmt":"2025-08-11T09:55:22","guid":{"rendered":"https:\/\/www.qxworld.eu\/?p=339812"},"modified":"2025-10-27T15:35:32","modified_gmt":"2025-10-27T14:35:32","slug":"que-causa-alzheimers-sintomas-causas-biofeedback-apoyo","status":"publish","type":"post","link":"https:\/\/www.qxworld.eu\/es\/blog\/what-causes-alzheimers-symptoms-causes-biofeedback-support\/","title":{"rendered":"\u00bfQu\u00e9 causa el Alzheimer? S\u00edntomas, causas y apoyo de la biorretroalimentaci\u00f3n"},"content":{"rendered":"<div data-elementor-type=\"wp-post\" data-elementor-id=\"339812\" class=\"elementor elementor-339812\" data-elementor-post-type=\"post\">\n\t\t\t\t\t\t<section class=\"elementor-section elementor-top-section elementor-element elementor-element-1e3887a3 elementor-section-boxed elementor-section-height-default elementor-section-height-default\" data-id=\"1e3887a3\" data-element_type=\"section\" data-e-type=\"section\" data-settings=\"{&quot;jet_parallax_layout_list&quot;:[]}\">\n\t\t\t\t\t\t<div class=\"elementor-container elementor-column-gap-default\">\n\t\t\t\t\t<div class=\"elementor-column elementor-col-100 elementor-top-column elementor-element elementor-element-49a4d9b\" data-id=\"49a4d9b\" data-element_type=\"column\" data-e-type=\"column\">\n\t\t\t<div class=\"elementor-widget-wrap elementor-element-populated\">\n\t\t\t\t\t\t<div class=\"elementor-element elementor-element-2c03c042 elementor-widget elementor-widget-text-editor\" data-id=\"2c03c042\" data-element_type=\"widget\" data-e-type=\"widget\" data-widget_type=\"text-editor.default\">\n\t\t\t\t<div class=\"elementor-widget-container\">\n\t\t\t\t\t\t\t\t\t<p>La enfermedad de Alzheimer afecta a m\u00e1s de 55 millones de personas en todo el mundo, una cifra asombrosa que sigue creciendo. Pero m\u00e1s all\u00e1 de las estad\u00edsticas, esta enfermedad es profundamente personal; afecta a nuestras familias, nuestras vidas y nuestras relaciones m\u00e1s cercanas. Aunque a menudo se considera una afecci\u00f3n del envejecimiento, es mucho m\u00e1s compleja. El Alzheimer tiene sus ra\u00edces en la biolog\u00eda, el comportamiento y el entorno en el que vivimos. Entendiendo <strong>causas del Alzheimer<\/strong> no es s\u00f3lo una cuesti\u00f3n cient\u00edfica, sino profundamente humana, ya que las familias de todo el mundo buscan claridad, consuelo y orientaci\u00f3n.<\/p><p>\u00a0<\/p><p>A medida que la ciencia trata de responder <strong>causas del Alzheimer<\/strong>La gente se pregunta c\u00f3mo puede prevenirla, ralentizar su avance o reconocer los primeros signos de alarma. Preguntas como \"\u00bfC\u00f3mo se contrae el Alzheimer?<em>?<\/em>\" surgen a menudo, sobre todo entre quienes tienen antecedentes familiares o son testigos de sutiles cambios cognitivos en s\u00ed mismos o en sus seres queridos. Lo cierto es que no obedece a una \u00fanica causa, sino que se desarrolla a lo largo del tiempo mediante una combinaci\u00f3n de riesgo gen\u00e9tico, exposici\u00f3n ambiental, h\u00e1bitos de vida e incluso deficiencias nutricionales. \u00bfLa buena noticia? Hay esperanza: esperanza a trav\u00e9s de la intervenci\u00f3n temprana, el apoyo cognitivo natural y las tecnolog\u00edas integradoras como la biorretroalimentaci\u00f3n cu\u00e1ntica, que funcionan junto con la atenci\u00f3n convencional.<\/p>\t\t\t\t\t\t\t\t<\/div>\n\t\t\t\t<\/div>\n\t\t\t\t\t<\/div>\n\t\t<\/div>\n\t\t\t\t\t<\/div>\n\t\t<\/section>\n\t\t\t\t<section class=\"elementor-section elementor-top-section elementor-element elementor-element-630f2f63 elementor-section-boxed elementor-section-height-default elementor-section-height-default\" data-id=\"630f2f63\" data-element_type=\"section\" data-e-type=\"section\" data-settings=\"{&quot;jet_parallax_layout_list&quot;:[]}\">\n\t\t\t\t\t\t<div class=\"elementor-container elementor-column-gap-default\">\n\t\t\t\t\t<div class=\"elementor-column elementor-col-100 elementor-top-column elementor-element elementor-element-42921749\" data-id=\"42921749\" data-element_type=\"column\" data-e-type=\"column\">\n\t\t\t<div class=\"elementor-widget-wrap elementor-element-populated\">\n\t\t\t\t\t\t<div class=\"elementor-element elementor-element-2ac97a04 elementor-widget elementor-widget-heading\" data-id=\"2ac97a04\" data-element_type=\"widget\" data-e-type=\"widget\" data-widget_type=\"heading.default\">\n\t\t\t\t<div class=\"elementor-widget-container\">\n\t\t\t\t\t<h2 class=\"elementor-heading-title elementor-size-default\">\u00bfQu\u00e9 es la enfermedad de Alzheimer?<\/h2>\t\t\t\t<\/div>\n\t\t\t\t<\/div>\n\t\t\t\t<div class=\"elementor-element elementor-element-1e1a7181 elementor-widget elementor-widget-text-editor\" data-id=\"1e1a7181\" data-element_type=\"widget\" data-e-type=\"widget\" data-widget_type=\"text-editor.default\">\n\t\t\t\t<div class=\"elementor-widget-container\">\n\t\t\t\t\t\t\t\t\t<p>El Alzheimer es un trastorno neurol\u00f3gico progresivo caracterizado por el deterioro de las c\u00e9lulas cerebrales. Para quienes se preguntan: \"\u00bfEl Alzheimer causa demencia?\". - la respuesta es s\u00ed; es la principal causa en todo el mundo. Afecta a la memoria, el lenguaje, el juicio y, en \u00faltima instancia, a la capacidad de realizar tareas cotidianas. Esta enfermedad, que debe su nombre al Dr. Alois Alzheimer, quien la describi\u00f3 por primera vez en 1906, es hoy la principal causa de demencia en el mundo.<\/p><p>\u00a0<\/p><p>En t\u00e9rminos sencillos:<\/p><p>\u00a0<\/p><ul><li><strong>Demencia<\/strong> es un conjunto de s\u00edntomas que implican un deterioro cognitivo que interfiere en la vida cotidiana.<\/li><li><strong>Alzheimer<\/strong> es una enfermedad espec\u00edfica que causa la mayor\u00eda de los casos de demencia (60-80%).<\/li><\/ul><p>Uno de los primeros signos de los trastornos progresivos relacionados con la memoria es la p\u00e9rdida de memoria a corto plazo, pero estos trastornos son mucho m\u00e1s complejos que el mero olvido. A medida que el trastorno progresa, las personas pueden experimentar una serie de <strong>S\u00edntomas de la enfermedad de Alzheimer<\/strong>Los s\u00edntomas de la enfermedad son: confusi\u00f3n, dificultad para resolver problemas, dificultad para encontrar palabras, desorientaci\u00f3n en entornos familiares y cambios notables en el estado de \u00e1nimo o el comportamiento. Estos s\u00edntomas empeoran gradualmente con el tiempo y acaban afectando a la independencia y las relaciones de la persona.<\/p><p>\u00a0<\/p><p>La gente suele preguntarse: \"\u00bfC\u00f3mo se contrae el Alzheimer?\". La respuesta est\u00e1 en una combinaci\u00f3n de factores de riesgo que se acumulan con el tiempo. Aunque la edad sigue siendo el mayor riesgo conocido, la gen\u00e9tica, la inflamaci\u00f3n cr\u00f3nica, la mala salud cardiovascular, las deficiencias nutricionales y las exposiciones ambientales contribuyen al desarrollo de la enfermedad. La enfermedad no tiene una causa \u00fanica, sino que surge gradualmente a trav\u00e9s de influencias biol\u00f3gicas y de estilo de vida entrelazadas.<\/p>\t\t\t\t\t\t\t\t<\/div>\n\t\t\t\t<\/div>\n\t\t\t\t<div class=\"elementor-element elementor-element-4c847930 elementor-widget elementor-widget-heading\" data-id=\"4c847930\" data-element_type=\"widget\" data-e-type=\"widget\" data-widget_type=\"heading.default\">\n\t\t\t\t<div class=\"elementor-widget-container\">\n\t\t\t\t\t<h2 class=\"elementor-heading-title elementor-size-default\">\u00bfEl Alzheimer provoca demencia?<\/h2>\t\t\t\t<\/div>\n\t\t\t\t<\/div>\n\t\t\t\t<div class=\"elementor-element elementor-element-10b77237 elementor-widget elementor-widget-text-editor\" data-id=\"10b77237\" data-element_type=\"widget\" data-e-type=\"widget\" data-widget_type=\"text-editor.default\">\n\t\t\t\t<div class=\"elementor-widget-container\">\n\t\t\t\t\t\t\t\t\t<p>S\u00ed, si pregunta<em> \"\u00bfEl Alzheimer causa demencia?\",<\/em> la respuesta es un claro s\u00ed. La enfermedad de Alzheimer es la causa m\u00e1s com\u00fan de demencia en todo el mundo. A medida que la enfermedad avanza, se produce un deterioro del razonamiento, la planificaci\u00f3n, el lenguaje e incluso la personalidad. Pero no todas las demencias se deben al Alzheimer. Otras causas son la demencia vascular, la demencia por cuerpos de Lewy y la degeneraci\u00f3n frontotemporal.<\/p><p>\u00a0<\/p><p>\u00bfC\u00f3mo suelen empezar las enfermedades que afectan a la memoria y la cognici\u00f3n? Aunque los s\u00edntomas de la enfermedad de Alzheimer suelen incluir la demencia, en realidad la afecci\u00f3n comienza mucho antes, mucho antes de que aparezcan signos visibles. De hecho, este tipo de trastornos cognitivos suelen comenzar mucho antes de que aparezcan s\u00edntomas visibles, a partir de cambios sutiles en el cerebro, sobre todo en el hipocampo, la zona responsable de la memoria y el aprendizaje. En su fase m\u00e1s temprana, la enfermedad puede causar s\u00f3lo leves lapsus de memoria o dificultades de concentraci\u00f3n, que pueden confundirse con s\u00edntomas normales. <a href=\"https:\/\/www.qxworld.eu\/blog\/biofeedback-stress-relief\/\"><u><b>envejecimiento<\/b><\/u><\/a>. Con el tiempo, estos cambios se acumulan hasta que interfieren significativamente en la vida diaria, marcando el punto en el que la demencia se hace evidente. De este modo, la demencia suele ser el primer s\u00edntoma reconocible, pero es el resultado de un proceso oculto mucho antes, que se desarrolla silenciosamente en el cerebro.<\/p>\t\t\t\t\t\t\t\t<\/div>\n\t\t\t\t<\/div>\n\t\t\t\t<div class=\"elementor-element elementor-element-2fc61710 elementor-widget elementor-widget-heading\" data-id=\"2fc61710\" data-element_type=\"widget\" data-e-type=\"widget\" data-widget_type=\"heading.default\">\n\t\t\t\t<div class=\"elementor-widget-container\">\n\t\t\t\t\t<h2 class=\"elementor-heading-title elementor-size-default\">\u00bfCu\u00e1les son los primeros s\u00edntomas de la enfermedad de Alzheimer?<\/h2>\t\t\t\t<\/div>\n\t\t\t\t<\/div>\n\t\t\t\t<div class=\"elementor-element elementor-element-6fc6f9c6 elementor-widget elementor-widget-text-editor\" data-id=\"6fc6f9c6\" data-element_type=\"widget\" data-e-type=\"widget\" data-widget_type=\"text-editor.default\">\n\t\t\t\t<div class=\"elementor-widget-container\">\n\t\t\t\t\t\t\t\t\t<p>Uno de los pasos m\u00e1s importantes para controlar el Alzheimer es reconocer sus primeros s\u00edntomas. Mientras que los olvidos ocasionales son normales con la edad, los cambios relacionados con el Alzheimer son m\u00e1s persistentes, notables y perturbadores.<\/p><p>\u00a0<\/p><p><strong>Los s\u00edntomas comunes de la enfermedad de Alzheimer incluyen:<\/strong><\/p><p>\u00a0<\/p><ul><li>P\u00e9rdida de memoria a corto plazo, especialmente para conversaciones o acontecimientos recientes.<\/li><li>Desorientaci\u00f3n en lugares familiares o confusi\u00f3n con el tiempo<\/li><li>Dificultad para realizar tareas familiares, como cocinar o gestionar las finanzas.<\/li><li>Dificultad para encontrar palabras, repetir frases o seguir conversaciones.<\/li><li>Cambios de humor, como apat\u00eda, depresi\u00f3n o irritabilidad.<\/li><li>Retirada de las situaciones sociales<\/li><li>Falta de juicio y toma de decisiones<\/li><\/ul><p>Estos <strong>S\u00edntomas de la enfermedad de Alzheimer<\/strong> pueden parecer sutiles al principio, pero con el tiempo interfieren en el trabajo, las relaciones y la independencia. Muchas personas se sorprenden al saber que, en algunos casos, estos s\u00edntomas cognitivos y conductuales pueden estar relacionados con desequilibrios biol\u00f3gicos subyacentes. Por ejemplo, las nuevas investigaciones sugieren que <strong>La enfermedad de Alzheimer puede estar causada por una deficiencia de<\/strong> <strong>nutrientes esenciales<\/strong> como la vitamina B12, la vitamina D y los \u00e1cidos grasos omega-3. Estos nutrientes desempe\u00f1an un papel vital en el mantenimiento de la salud de las neuronas, la reducci\u00f3n de la inflamaci\u00f3n y el apoyo a la funci\u00f3n de los neurotransmisores, factores especialmente importantes durante las primeras fases del deterioro cognitivo.<\/p><p>\u00a0<\/p><p><strong>\u00bfLo sab\u00edas?<\/strong> La detecci\u00f3n precoz puede ralentizar la progresi\u00f3n de los s\u00edntomas de la enfermedad de Alzheimer al permitir que las personas apliquen pr\u00e1cticas de apoyo al cerebro, terapias y cuidados comunitarios.<\/p>\t\t\t\t\t\t\t\t<\/div>\n\t\t\t\t<\/div>\n\t\t\t\t<div class=\"elementor-element elementor-element-76a8560f elementor-widget elementor-widget-heading\" data-id=\"76a8560f\" data-element_type=\"widget\" data-e-type=\"widget\" data-widget_type=\"heading.default\">\n\t\t\t\t<div class=\"elementor-widget-container\">\n\t\t\t\t\t<h2 class=\"elementor-heading-title elementor-size-default\">\u00bfCu\u00e1les son las 3 causas del Alzheimer?<\/h2>\t\t\t\t<\/div>\n\t\t\t\t<\/div>\n\t\t\t\t<div class=\"elementor-element elementor-element-29a6ae66 elementor-widget elementor-widget-text-editor\" data-id=\"29a6ae66\" data-element_type=\"widget\" data-e-type=\"widget\" data-widget_type=\"text-editor.default\">\n\t\t\t\t<div class=\"elementor-widget-container\">\n\t\t\t\t\t\t\t\t\t<p>Aunque todav\u00eda no se entiende del todo <strong>causas del Alzheimer<\/strong>La investigaci\u00f3n ha identificado tres \u00e1reas principales de influencia: <strong>gen\u00e9tica<\/strong>, <strong>estilo de vida<\/strong>y <strong>salud nutricional\/metab\u00f3lica<\/strong>. La mayor\u00eda de los expertos coinciden en que las afecciones que implican deterioro cognitivo se desarrollan a partir de una compleja interacci\u00f3n entre estos factores a lo largo del tiempo. Estas categor\u00edas b\u00e1sicas tambi\u00e9n reflejan las respuestas m\u00e1s comunes a la pregunta: \"\u00bfCu\u00e1les son las 3 causas del Alzheimer?\". Y aunque el riesgo de cada individuo puede variar, comprender estos factores es clave para la prevenci\u00f3n y el apoyo precoz.<\/p><p>\u00a0<\/p><p>En la mayor\u00eda de los casos, la enfermedad se desarrolla gradualmente a partir de los genes, los h\u00e1bitos y el entorno: muchos peque\u00f1os factores que se van sumando con el tiempo.<\/p>\t\t\t\t\t\t\t\t<\/div>\n\t\t\t\t<\/div>\n\t\t\t\t<div class=\"elementor-element elementor-element-4eb0fb6b elementor-widget elementor-widget-heading\" data-id=\"4eb0fb6b\" data-element_type=\"widget\" data-e-type=\"widget\" data-widget_type=\"heading.default\">\n\t\t\t\t<div class=\"elementor-widget-container\">\n\t\t\t\t\t<h3 class=\"elementor-heading-title elementor-size-default\">1. Predisposici\u00f3n gen\u00e9tica<\/h3>\t\t\t\t<\/div>\n\t\t\t\t<\/div>\n\t\t\t\t<div class=\"elementor-element elementor-element-75ea52c8 elementor-widget elementor-widget-text-editor\" data-id=\"75ea52c8\" data-element_type=\"widget\" data-e-type=\"widget\" data-widget_type=\"text-editor.default\">\n\t\t\t\t<div class=\"elementor-widget-container\">\n\t\t\t\t\t\t\t\t\t<p>Ciertos genes aumentan la probabilidad de desarrollar Alzheimer, especialmente en <strong>inicio temprano<\/strong> casos (antes de los 65 a\u00f1os). Uno de los factores gen\u00e9ticos de riesgo m\u00e1s conocidos es el <strong>Alelo APOE-e4<\/strong>que est\u00e1 presente en el 15-20% de la poblaci\u00f3n general, pero que se encuentra en un porcentaje mucho mayor de individuos con la enfermedad.<\/p><p>\u00a0<\/p><p>Sin embargo, ser portador de esta variante gen\u00e9tica no significa que alguien vaya a desarrollar definitivamente la enfermedad, simplemente aumenta el nivel de riesgo. Por otra parte, <strong>Alzheimer familiar<\/strong>una forma hereditaria mucho menos frecuente de la enfermedad, est\u00e1 estrechamente relacionada con mutaciones en genes espec\u00edficos como <strong>APP, PSEN1<\/strong>y <strong>PSEN2<\/strong>. Estas mutaciones suelen conducir a una progresi\u00f3n m\u00e1s temprana y agresiva de la enfermedad.<\/p><p>\u00a0<\/p><p>Aunque no podemos cambiar nuestro ADN, conocer nuestra predisposici\u00f3n gen\u00e9tica puede ayudarnos a enfocar la prevenci\u00f3n, sobre todo si la combinamos con un estilo de vida y una dieta equilibrada. <a href=\"https:\/\/www.qxworld.eu\/blog\/what-kind-of-diet-provides-the-most-energy\/\"><u><b>estrategias alimentarias<\/b><\/u><\/a> que protegen la salud cerebral.<\/p>\t\t\t\t\t\t\t\t<\/div>\n\t\t\t\t<\/div>\n\t\t\t\t<div class=\"elementor-element elementor-element-43b88d13 elementor-widget elementor-widget-heading\" data-id=\"43b88d13\" data-element_type=\"widget\" data-e-type=\"widget\" data-widget_type=\"heading.default\">\n\t\t\t\t<div class=\"elementor-widget-container\">\n\t\t\t\t\t<h3 class=\"elementor-heading-title elementor-size-default\">2. Estilo de vida y factores ambientales<\/h3>\t\t\t\t<\/div>\n\t\t\t\t<\/div>\n\t\t\t\t<div class=\"elementor-element elementor-element-4233a335 elementor-widget elementor-widget-text-editor\" data-id=\"4233a335\" data-element_type=\"widget\" data-e-type=\"widget\" data-widget_type=\"text-editor.default\">\n\t\t\t\t<div class=\"elementor-widget-container\">\n\t\t\t\t\t\t\t\t\t<p>Sus h\u00e1bitos diarios influyen en la salud de su cerebro m\u00e1s de lo que cree. Numerosos estudios confirman que la forma en que vives - tu <strong>dieta<\/strong>, <strong>actividad f\u00edsica<\/strong>, <strong>calidad del sue\u00f1o<\/strong>, <strong>niveles de estr\u00e9s<\/strong>y <strong>interacci\u00f3n social <\/strong>- puede influir significativamente en la funci\u00f3n cognitiva a lo largo de la vida.<\/p><p>\u00a0<\/p><p>Adem\u00e1s de las opciones de estilo de vida f\u00edsico, las nuevas investigaciones tambi\u00e9n apuntan a los efectos a largo plazo de <strong>trauma emocional no procesado<\/strong> y <strong>estr\u00e9s psicol\u00f3gico cr\u00f3nico<\/strong> en el cerebro. Cuando emociones como el dolor, el miedo o la ira no resuelta permanecen sin abordar, pueden contribuir a <strong>respuestas persistentes al estr\u00e9s<\/strong>que a su vez elevan <strong>inflamaci\u00f3n<\/strong> y <strong>niveles de cortisol <\/strong>- ambos relacionados con el deterioro cognitivo.<\/p><p>\u00a0<\/p><p>La gente suele preguntar: \"\u00bfC\u00f3mo se contrae el Alzheimer si se ha llevado una vida sana en general?\". <strong>Bienestar emocional y psicol\u00f3gico<\/strong> es una parte de esa ecuaci\u00f3n que a menudo se pasa por alto. La mente y el cerebro est\u00e1n \u00edntimamente conectados, y <strong>resiliencia emocional<\/strong> puede desempe\u00f1ar un papel protector en el envejecimiento cerebral.<\/p><p>\u00a0<\/p><p><strong>Factores relacionados con el estilo de vida:<\/strong><\/p><p>\u00a0<\/p><ul><li>Tabaquismo y consumo excesivo de alcohol<\/li><li>Mala salud cardiovascular, incluyendo hipertensi\u00f3n y diabetes<\/li><li>Estr\u00e9s cr\u00f3nico y niveles elevados de cortisol<\/li><li>Privaci\u00f3n de sue\u00f1o, especialmente sue\u00f1o profundo interrumpido<\/li><li>Inactividad f\u00edsica y cognitiva<\/li><li>Soledad o aislamiento social<\/li><\/ul><p>Estos factores pueden provocar <strong>inflamaci\u00f3n<\/strong>, <strong>da\u00f1o oxidativo<\/strong>, <strong>Deterioro de la desintoxicaci\u00f3n.<\/strong>y <strong>menor plasticidad cerebral <\/strong>- todos ellos asociados a la enfermedad de Alzheimer.<\/p><p>\u00a0<\/p><p><strong>Exposiciones ambientales objeto de investigaci\u00f3n:<\/strong><\/p><p>\u00a0<\/p><ul><li>Exposici\u00f3n prolongada a metales pesados como plomo, mercurio o aluminio<\/li><li><a href=\"https:\/\/www.qxworld.eu\/blog\/detox-in-a-toxic-world-supporting-natural-cleanse-and-detox-through-biofeedback-and-other-ways\/\"><u><b>Contaminaci\u00f3n atmosf\u00e9rica<\/b><\/u><\/a>part\u00edculas finas (PM2,5)<\/li><li>Ciertos pesticidas y toxinas industriales<\/li><li><a href=\"https:\/\/www.qxworld.eu\/blog\/can-vaccine-ingredients-overload-the-immune-system\/\"><u><b>Sobrecarga de vacunas<\/b><\/u><\/a> como factor especulativo, sobre todo en individuos con vulnerabilidades inmunitarias preexistentes.<\/li><\/ul><p>\u00a0<\/p><p>Estos desencadenantes externos pueden contribuir a <strong>neuroinflamaci\u00f3n<\/strong>La perturbaci\u00f3n de la <strong>barrera hematoencef\u00e1lica<\/strong>y el da\u00f1o directo a las neuronas, factores relacionados tanto con la aparici\u00f3n de los s\u00edntomas como con la progresi\u00f3n de la enfermedad. As\u00ed que cuando la gente busca \"\u00bfQu\u00e9 causa el Alzheimer?\", estas exposiciones, deficiencias y comportamientos cotidianos se est\u00e1n convirtiendo en una parte cada vez m\u00e1s importante de la respuesta.<\/p>\t\t\t\t\t\t\t\t<\/div>\n\t\t\t\t<\/div>\n\t\t\t\t<div class=\"elementor-element elementor-element-31c7fabf elementor-widget elementor-widget-heading\" data-id=\"31c7fabf\" data-element_type=\"widget\" data-e-type=\"widget\" data-widget_type=\"heading.default\">\n\t\t\t\t<div class=\"elementor-widget-container\">\n\t\t\t\t\t<h3 class=\"elementor-heading-title elementor-size-default\">3. Deficiencias nutricionales y metab\u00f3licas<\/h3>\t\t\t\t<\/div>\n\t\t\t\t<\/div>\n\t\t\t\t<div class=\"elementor-element elementor-element-1ba6e33d elementor-widget elementor-widget-text-editor\" data-id=\"1ba6e33d\" data-element_type=\"widget\" data-e-type=\"widget\" data-widget_type=\"text-editor.default\">\n\t\t\t\t<div class=\"elementor-widget-container\">\n\t\t\t\t\t\t\t\t\t<p>Muchos expertos creen que <strong>La enfermedad de Alzheimer est\u00e1 causada por la deficiencia de<\/strong> nutrientes espec\u00edficos que son esenciales para la funci\u00f3n cerebral a largo plazo. Los niveles bajos de <strong>vitamina D<\/strong>, <strong>Vitaminas B<\/strong> (especialmente B12 y folato), <strong>antioxidantes<\/strong>y <strong>\u00e1cidos grasos omega-3<\/strong> se han observado sistem\u00e1ticamente en las personas con deterioro cognitivo leve y Alzheimer.<\/p><p>\u00a0<\/p><p>Estos nutrientes son vitales para:<\/p><p>\u00a0<\/p><ul><li><strong>Protecci\u00f3n y reparaci\u00f3n de las neuronas<\/strong><\/li><li><strong>Funci\u00f3n mitocondrial<\/strong> (producci\u00f3n de energ\u00eda celular)<\/li><li><strong>S\u00edntesis de neurotransmisores<\/strong><\/li><li><strong>Reducci\u00f3n del estr\u00e9s oxidativo y la inflamaci\u00f3n<\/strong><\/li><\/ul><p>Cuando las deficiencias persisten, pueden alterar el metabolismo cerebral y hacer que las neuronas sean m\u00e1s vulnerables a los da\u00f1os. Por este motivo, los investigadores consideran cada vez m\u00e1s que el mal estado nutricional es un factor modificable en el desarrollo del deterioro cognitivo.<\/p><p>\u00a0<\/p><p>Adem\u00e1s, <strong>resistencia a la insulina<\/strong> y <strong>mal control de la glucemia <\/strong>- ambas caracter\u00edsticas centrales del s\u00edndrome metab\u00f3lico- pueden contribuir a lo que algunos investigadores denominan ahora <strong>diabetes tipo 3<\/strong>. Este t\u00e9rmino describe la enfermedad como un trastorno metab\u00f3lico del cerebro, caracterizado por una deficiente utilizaci\u00f3n de la glucosa, inflamaci\u00f3n cr\u00f3nica e interrupci\u00f3n de la se\u00f1alizaci\u00f3n de la insulina.<\/p><p>\u00a0<\/p><p>Apoyar al cerebro mediante la nutrici\u00f3n no s\u00f3lo significa evitar las carencias, sino tambi\u00e9n alimentarlo con los alimentos adecuados. <strong>Opciones favorables al cerebro<\/strong> incluyen:<\/p><p>\u00a0<\/p><ul><li>Verduras de hoja verde y cruc\u00edferas<\/li><li>Bayas, ricas en antioxidantes y polifenoles<\/li><li>Pescados grasos como el salm\u00f3n, las sardinas y la caballa (ricos en DHA)<\/li><li>Aceite de oliva virgen extra<\/li><li>C\u00farcuma y t\u00e9 verde por sus beneficios antiinflamatorios<\/li><\/ul><p>Si se abordan los desequilibrios nutricionales de forma precoz, especialmente en personas con riesgos gen\u00e9ticos o de estilo de vida, puede ser posible retrasar o incluso reducir la aparici\u00f3n de <strong>S\u00edntomas de la enfermedad de Alzheimer<\/strong>.<\/p>\t\t\t\t\t\t\t\t<\/div>\n\t\t\t\t<\/div>\n\t\t\t\t<div class=\"elementor-element elementor-element-489dd1b6 elementor-widget elementor-widget-heading\" data-id=\"489dd1b6\" data-element_type=\"widget\" data-e-type=\"widget\" data-widget_type=\"heading.default\">\n\t\t\t\t<div class=\"elementor-widget-container\">\n\t\t\t\t\t<h2 class=\"elementor-heading-title elementor-size-default\">\u00bfC\u00f3mo se inicia el Alzheimer en el cerebro?<\/h2>\t\t\t\t<\/div>\n\t\t\t\t<\/div>\n\t\t\t\t<div class=\"elementor-element elementor-element-12e84d7e elementor-widget elementor-widget-text-editor\" data-id=\"12e84d7e\" data-element_type=\"widget\" data-e-type=\"widget\" data-widget_type=\"text-editor.default\">\n\t\t\t\t<div class=\"elementor-widget-container\">\n\t\t\t\t\t\t\t\t\t<p>La progresi\u00f3n del Alzheimer comienza mucho antes de que aparezcan los s\u00edntomas. Esta fase \"silenciosa\" puede durar una d\u00e9cada o m\u00e1s, con cambios microsc\u00f3picos en el cerebro.<\/p><p>\u00a0<\/p><p><strong>Procesos clave en la aparici\u00f3n del Alzheimer:<\/strong><\/p><p>\u00a0<\/p><ul><li>Las placas de beta-amiloide comienzan a acumularse entre las neuronas, interrumpiendo la se\u00f1alizaci\u00f3n.<\/li><li>Las prote\u00ednas Tau se enredan en el interior de las neuronas, desestabilizando su estructura interna.<\/li><li>Las c\u00e9lulas cerebrales empiezan a morir, especialmente en el hipocampo, el centro de la memoria.<\/li><\/ul><p>Esta cascada de disfunci\u00f3n neuronal e inflamaci\u00f3n afecta lentamente a la cognici\u00f3n, la regulaci\u00f3n emocional y la conciencia espacial, lo que acaba provocando una <strong>S\u00edntomas de la enfermedad de Alzheimer<\/strong> en la vida cotidiana.<\/p>\t\t\t\t\t\t\t\t<\/div>\n\t\t\t\t<\/div>\n\t\t\t\t<div class=\"elementor-element elementor-element-6331bd1c elementor-widget elementor-widget-heading\" data-id=\"6331bd1c\" data-element_type=\"widget\" data-e-type=\"widget\" data-widget_type=\"heading.default\">\n\t\t\t\t<div class=\"elementor-widget-container\">\n\t\t\t\t\t<h2 class=\"elementor-heading-title elementor-size-default\">\u00bfC\u00f3mo se contrae el Alzheimer?<\/h2>\t\t\t\t<\/div>\n\t\t\t\t<\/div>\n\t\t\t\t<div class=\"elementor-element elementor-element-70058229 elementor-widget elementor-widget-text-editor\" data-id=\"70058229\" data-element_type=\"widget\" data-e-type=\"widget\" data-widget_type=\"text-editor.default\">\n\t\t\t\t<div class=\"elementor-widget-container\">\n\t\t\t\t\t\t\t\t\t<p>Aunque no existe una causa \u00fanica que explique todos los casos, el deterioro cognitivo se adquiere generalmente por una combinaci\u00f3n de riesgo hereditario, exposici\u00f3n a t\u00f3xicos, agotamiento de nutrientes y h\u00e1bitos de vida. La pregunta \"\u00bfC\u00f3mo se contrae el Alzheimer?\" nos invita a analizar los patrones de toda una vida y c\u00f3mo afectan a la salud del cerebro a lo largo del tiempo.<\/p><p>\u00a0<\/p><p>Como ya se ha explicado, entender cu\u00e1les son las 3 causas del Alzheimer ayuda a identificar a qu\u00e9 hay que prestar atenci\u00f3n. <strong>Aunque es m\u00e1s complejo que cualquier explicaci\u00f3n aislada,<\/strong> este marco ofrece un punto de partida \u00fatil. Incluso si tiene antecedentes familiares, las estrategias de prevenci\u00f3n pueden retrasar o compensar la aparici\u00f3n.<\/p>\t\t\t\t\t\t\t\t<\/div>\n\t\t\t\t<\/div>\n\t\t\t\t<div class=\"elementor-element elementor-element-8226cb2 elementor-widget elementor-widget-heading\" data-id=\"8226cb2\" data-element_type=\"widget\" data-e-type=\"widget\" data-widget_type=\"heading.default\">\n\t\t\t\t<div class=\"elementor-widget-container\">\n\t\t\t\t\t<h2 class=\"elementor-heading-title elementor-size-default\">\u00bfSe puede prevenir el Alzheimer?<\/h2>\t\t\t\t<\/div>\n\t\t\t\t<\/div>\n\t\t\t\t<div class=\"elementor-element elementor-element-6f417af9 elementor-widget elementor-widget-text-editor\" data-id=\"6f417af9\" data-element_type=\"widget\" data-e-type=\"widget\" data-widget_type=\"text-editor.default\">\n\t\t\t\t<div class=\"elementor-widget-container\">\n\t\t\t\t\t\t\t\t\t<p>Aunque no existe cura conocida, la investigaci\u00f3n es clara: <strong>puede reducir su riesgo <\/strong>- a veces dr\u00e1sticamente- adoptando <strong>h\u00e1bitos de vida protectores<\/strong>.<\/p><p>\u00a0<\/p><h3><strong>Estrategias preventivas clave:<\/strong><\/h3><p>\u00a0<\/p><ul><li>Seguir una dieta mediterr\u00e1nea rica en antioxidantes y grasas saludables.<\/li><li>Mantenerse f\u00edsicamente activo, incluyendo ejercicios de fuerza y cardio<\/li><li><a href=\"https:\/\/www.qxworld.eu\/blog\/insomnia-sleep-better-at-night-naturally\/\"><u><b>Priorizar el sue\u00f1o profundo<\/b><\/u><\/a> y mantener un horario coherente<\/li><li>Mant\u00e9ngase social y mentalmente comprometido<\/li><li>Practicar la gesti\u00f3n del estr\u00e9s (yoga, <a href=\"https:\/\/www.qxworld.eu\/blog\/benefits-meditation-biofeedback\/\"><u><b>meditaci\u00f3n<\/b><\/u><\/a>tiempo de la naturaleza)<\/li><li>Apoyar la salud emocional procesando el duelo, gestionando la ansiedad y fomentando conexiones significativas.<\/li><li>Evitar los alimentos procesados, el az\u00facar y las toxinas conocidas<\/li><li>Controlar los niveles de vitaminas, <a href=\"https:\/\/www.qxworld.eu\/blog\/blog-diabetes-6-simple-steps-to-balance-blood-sugar-naturally\/\"><u><b>az\u00facar en sangre<\/b><\/u><\/a>y la tensi\u00f3n arterial con regularidad<\/li><\/ul><p>Estas acciones pueden <strong>retrasar el inicio<\/strong>reducir la gravedad o mejorar la calidad de vida, incluso en los casos de mayor riesgo.<\/p>\t\t\t\t\t\t\t\t<\/div>\n\t\t\t\t<\/div>\n\t\t\t\t<div class=\"elementor-element elementor-element-4f7d3891 elementor-widget elementor-widget-heading\" data-id=\"4f7d3891\" data-element_type=\"widget\" data-e-type=\"widget\" data-widget_type=\"heading.default\">\n\t\t\t\t<div class=\"elementor-widget-container\">\n\t\t\t\t\t<h2 class=\"elementor-heading-title elementor-size-default\">El papel de la biorretroalimentaci\u00f3n cu\u00e1ntica en la salud cognitiva<\/h2>\t\t\t\t<\/div>\n\t\t\t\t<\/div>\n\t\t\t\t<div class=\"elementor-element elementor-element-71eae5ae elementor-widget elementor-widget-text-editor\" data-id=\"71eae5ae\" data-element_type=\"widget\" data-e-type=\"widget\" data-widget_type=\"text-editor.default\">\n\t\t\t\t<div class=\"elementor-widget-container\">\n\t\t\t\t\t\t\t\t\t<p>A medida que el mundo se orienta m\u00e1s hacia el bienestar hol\u00edstico, <a href=\"https:\/\/www.qxworld.eu\/blog\/what-is-quantum-biofeedback-using-the-unconscious-to-your-benefit\/\"><u><b>biorretroalimentaci\u00f3n cu\u00e1ntica<\/b><\/u><\/a> est\u00e1 surgiendo como una opci\u00f3n no invasiva e integradora para ayudar al sistema nervioso y al cerebro, guiando suavemente al cuerpo hacia el equilibrio, mejorando la claridad, la calma emocional y la armon\u00eda cognitiva general.<\/p>\t\t\t\t\t\t\t\t<\/div>\n\t\t\t\t<\/div>\n\t\t\t\t<div class=\"elementor-element elementor-element-3827a1c9 elementor-widget elementor-widget-heading\" data-id=\"3827a1c9\" data-element_type=\"widget\" data-e-type=\"widget\" data-widget_type=\"heading.default\">\n\t\t\t\t<div class=\"elementor-widget-container\">\n\t\t\t\t\t<h2 class=\"elementor-heading-title elementor-size-default\">\u00bfQu\u00e9 es la biorretroalimentaci\u00f3n?<\/h2>\t\t\t\t<\/div>\n\t\t\t\t<\/div>\n\t\t\t\t<div class=\"elementor-element elementor-element-75f89c50 elementor-widget elementor-widget-text-editor\" data-id=\"75f89c50\" data-element_type=\"widget\" data-e-type=\"widget\" data-widget_type=\"text-editor.default\">\n\t\t\t\t<div class=\"elementor-widget-container\">\n\t\t\t\t\t\t\t\t\t<p>La biorretroalimentaci\u00f3n detecta los desequilibrios energ\u00e9ticos del cuerpo y proporciona retroalimentaci\u00f3n basada en la frecuencia para fomentar la coherencia y la regulaci\u00f3n. En lugar de tratar directamente los s\u00edntomas, apoya la capacidad innata del cuerpo para restablecer el equilibrio. <a href=\"https:\/\/www.qxworld.eu\/products\/quex-ed\/\"><u><b>Dispositivos de biorretroalimentaci\u00f3n cu\u00e1ntica<\/b><\/u><\/a> interact\u00faan con el campo energ\u00e9tico del cuerpo -como si enviaran y recibieran un mensaje de texto- utilizando sutiles se\u00f1ales de frecuencia para comunicarse con los sistemas celulares. Este proceso ayuda al cuerpo a reconocer d\u00f3nde est\u00e1 desincronizado y le estimula suavemente a recuperar el equilibrio.<\/p><p>\u00a0<\/p><p><strong>Beneficios potenciales para el apoyo al Alzheimer:<\/strong><\/p><p>\u00a0<\/p><ul><li>Reducci\u00f3n del estr\u00e9s y calma emocional<\/li><li>Estabilizaci\u00f3n del sistema nervioso<\/li><li>Claridad cognitiva y concentraci\u00f3n<\/li><li>Regulaci\u00f3n del sue\u00f1o y del estado de \u00e1nimo<\/li><\/ul>\t\t\t\t\t\t\t\t<\/div>\n\t\t\t\t<\/div>\n\t\t\t\t<div class=\"elementor-element elementor-element-0267cf9 elementor-widget elementor-widget-heading\" data-id=\"0267cf9\" data-element_type=\"widget\" data-e-type=\"widget\" data-widget_type=\"heading.default\">\n\t\t\t\t<div class=\"elementor-widget-container\">\n\t\t\t\t\t<h2 class=\"elementor-heading-title elementor-size-default\">Sesiones de biorretroalimentaci\u00f3n a distancia: Apoyo desde cualquier lugar<\/h2>\t\t\t\t<\/div>\n\t\t\t\t<\/div>\n\t\t\t\t<div class=\"elementor-element elementor-element-487af82f elementor-widget elementor-widget-text-editor\" data-id=\"487af82f\" data-element_type=\"widget\" data-e-type=\"widget\" data-widget_type=\"text-editor.default\">\n\t\t\t\t<div class=\"elementor-widget-container\">\n\t\t\t\t\t\t\t\t\t<p>Para quienes se enfrentan al Alzheimer, ya sea personalmente o como cuidadores... <strong>la accesibilidad importa<\/strong>. Afortunadamente, <strong>biorretroalimentaci\u00f3n cu\u00e1ntica<\/strong> tambi\u00e9n puede hacerse a distancia. Mediante la comunicaci\u00f3n basada en frecuencias e interfaces digitales, los profesionales formados pueden evaluar desequilibrios y ofrecer apoyo energ\u00e9tico a distancia.<\/p><p>\u00a0<\/p><p>Esto facilita que las personas con problemas de movilidad, fatiga o deterioro cognitivo avanzado puedan beneficiarse de sesiones personalizadas en casa. A distancia <a href=\"https:\/\/www.qxworld.eu\/blog\/lets-resonate-how-does-a-biofeedback-session-work\/\"><u><b>sesiones de biorretroalimentaci\u00f3n<\/b><\/u><\/a> tambi\u00e9n proporcionan una valiosa orientaci\u00f3n sobre el estilo de vida y el apoyo nutricional, ayudando a los clientes a integrar peque\u00f1os cambios significativos en sus rutinas diarias. Adem\u00e1s, ofrecen <strong>apoyo emocional<\/strong> y herramientas para <strong>reducci\u00f3n del estr\u00e9s<\/strong>Las estrategias de biofeedback, como los ejercicios de respiraci\u00f3n, las pr\u00e1cticas de atenci\u00f3n plena y el equilibrio energ\u00e9tico, son elementos importantes para el bienestar cognitivo y emocional. Cuando se combinan con los conocimientos de la biorretroalimentaci\u00f3n, estas estrategias ayudan a construir una base m\u00e1s s\u00f3lida para la resiliencia cognitiva, est\u00e9s donde est\u00e9s.<\/p><p>\u00a0<\/p><p><strong>Ventajas de las sesiones a distancia:<\/strong><\/p><p>\u00a0<\/p><ul><li>No es necesario que el cliente o el cuidador se desplacen<\/li><li>La misma frecuencia de apoyo que en las sesiones presenciales<\/li><li>Confort e intimidad para los enfermos de Alzheimer<\/li><li>Horarios flexibles en funci\u00f3n de los niveles de energ\u00eda y las rutinas<\/li><\/ul><p>Los sistemas de biorretroalimentaci\u00f3n de QX World son ejemplos destacados de esta tecnolog\u00eda en acci\u00f3n, que fusiona la ciencia con el bienestar energ\u00e9tico.<\/p>\t\t\t\t\t\t\t\t<\/div>\n\t\t\t\t<\/div>\n\t\t\t\t<div class=\"elementor-element elementor-element-a49c643 elementor-widget elementor-widget-heading\" data-id=\"a49c643\" data-element_type=\"widget\" data-e-type=\"widget\" data-widget_type=\"heading.default\">\n\t\t\t\t<div class=\"elementor-widget-container\">\n\t\t\t\t\t<h2 class=\"elementor-heading-title elementor-size-default\">C\u00f3mo afecta el Alzheimer a la vida cotidiana y a las relaciones interpersonales<\/h2>\t\t\t\t<\/div>\n\t\t\t\t<\/div>\n\t\t\t\t<div class=\"elementor-element elementor-element-84726a8 elementor-widget elementor-widget-text-editor\" data-id=\"84726a8\" data-element_type=\"widget\" data-e-type=\"widget\" data-widget_type=\"text-editor.default\">\n\t\t\t\t<div class=\"elementor-widget-container\">\n\t\t\t\t\t\t\t\t\t<p>A medida que la enfermedad progresa, sus efectos van mucho m\u00e1s all\u00e1 de la memoria. Modifica gradualmente la forma en que las personas se relacionan con el mundo, afectando a la seguridad, la independencia y la conexi\u00f3n emocional. Tareas cotidianas como comer, ba\u00f1arse o vestirse pueden resultar confusas o inseguras. La comunicaci\u00f3n suele deteriorarse, lo que provoca frustraci\u00f3n, retraimiento y desconexi\u00f3n emocional.<\/p><p>\u00a0<\/p><p>Estos cambios tambi\u00e9n suponen una importante carga emocional y f\u00edsica para los cuidadores. Muchos se enfrentan a estr\u00e9s cr\u00f3nico, trastornos del sue\u00f1o y la tensi\u00f3n de adaptarse a nuevas funciones y responsabilidades dentro de la familia. Con el tiempo, esto puede provocar agotamiento, ansiedad e incluso problemas de salud.<\/p><p>\u00a0<\/p><p>Un enfoque de atenci\u00f3n hol\u00edstica -que incluya rutinas estructuradas, apoyo nutricional, nutrici\u00f3n emocional y descanso peri\u00f3dico- puede aliviar esta carga. <strong>La biorretroalimentaci\u00f3n cu\u00e1ntica tambi\u00e9n ofrece beneficios significativos para los cuidadores.<\/strong> Adem\u00e1s de ayudar a regular el sistema nervioso y reducir el estr\u00e9s en las personas que padecen Alzheimer, puede ofrecer apoyo a los cuidadores al promover el equilibrio emocional, mejorar el sue\u00f1o y restaurar la capacidad de recuperaci\u00f3n del sistema nervioso. Al tratar con delicadeza los desequilibrios relacionados con el estr\u00e9s, la biorretroalimentaci\u00f3n ayuda tanto a la persona como al cuidador a permanecer m\u00e1s enraizados, tranquilos y conectados a lo largo del viaje.<\/p>\t\t\t\t\t\t\t\t<\/div>\n\t\t\t\t<\/div>\n\t\t\t\t<div class=\"elementor-element elementor-element-bb40e14 elementor-widget elementor-widget-heading\" data-id=\"bb40e14\" data-element_type=\"widget\" data-e-type=\"widget\" data-widget_type=\"heading.default\">\n\t\t\t\t<div class=\"elementor-widget-container\">\n\t\t\t\t\t<h2 class=\"elementor-heading-title elementor-size-default\">Alzheimer y salud emocional: M\u00e1s que la memoria<\/h2>\t\t\t\t<\/div>\n\t\t\t\t<\/div>\n\t\t\t\t<div class=\"elementor-element elementor-element-0cf36f9 elementor-widget elementor-widget-text-editor\" data-id=\"0cf36f9\" data-element_type=\"widget\" data-e-type=\"widget\" data-widget_type=\"text-editor.default\">\n\t\t\t\t<div class=\"elementor-widget-container\">\n\t\t\t\t\t\t\t\t\t<p>Un aspecto que a menudo se pasa por alto es el coste emocional del deterioro cognitivo. Los cambios cerebrales afectan a la regulaci\u00f3n del estado de \u00e1nimo, la conexi\u00f3n social y la forma en que las personas se relacionan consigo mismas y con quienes las rodean.<\/p><p>\u00a0<\/p><p>Cambios emocionales comunes:<\/p><p>\u00a0<\/p><ul><li>Tristeza o ansiedad repentinas<\/li><li>Agitaci\u00f3n, especialmente en entornos desconocidos<\/li><li>Apat\u00eda y falta de inter\u00e9s por actividades que antes le gustaban<\/li><li>Depresi\u00f3n, sobre todo en la fase inicial o media del diagn\u00f3stico<\/li><\/ul><p>Apoyar el bienestar emocional es tan vital como abordar los s\u00edntomas f\u00edsicos y cognitivos. T\u00e9cnicas como <strong>musicoterapia<\/strong>, <strong>toque<\/strong>, <strong>objetos familiares<\/strong>y <strong>presencia amorosa<\/strong> son profundamente calmantes y beneficiosas.<\/p>\t\t\t\t\t\t\t\t<\/div>\n\t\t\t\t<\/div>\n\t\t\t\t<div class=\"elementor-element elementor-element-9f49d17 elementor-widget elementor-widget-heading\" data-id=\"9f49d17\" data-element_type=\"widget\" data-e-type=\"widget\" data-widget_type=\"heading.default\">\n\t\t\t\t<div class=\"elementor-widget-container\">\n\t\t\t\t\t<h2 class=\"elementor-heading-title elementor-size-default\">Exploraci\u00f3n de m\u00e9todos naturales de apoyo cognitivo<\/h2>\t\t\t\t<\/div>\n\t\t\t\t<\/div>\n\t\t\t\t<div class=\"elementor-element elementor-element-5a66ee7 elementor-widget elementor-widget-text-editor\" data-id=\"5a66ee7\" data-element_type=\"widget\" data-e-type=\"widget\" data-widget_type=\"text-editor.default\">\n\t\t\t\t<div class=\"elementor-widget-container\">\n\t\t\t\t\t\t\t\t\t<p>Muchas personas se preguntan: \"\u00bfExisten remedios naturales para el Alzheimer?\". Aunque ninguna terapia natural puede detener por completo la enfermedad, un n\u00famero creciente de pr\u00e1cticas hol\u00edsticas y basadas en la evidencia pueden ayudar a mantener la salud del cerebro y potencialmente ralentizar el deterioro cognitivo.<\/p><p>\u00a0<\/p><h4><strong>Apoyos naturales eficaces:<\/strong><\/h4><p>\u00a0<\/p><ul><li><strong>Ashwagandha<\/strong>: Hierba adapt\u00f3gena para la plasticidad cerebral y el estr\u00e9s<\/li><li><strong>Curcumina<\/strong> (de la c\u00farcuma): Antiinflamatorio y antioxidante<\/li><li><strong>Omega-3<\/strong>: Favorece las membranas celulares y la resistencia cognitiva<\/li><li><strong>Resveratrol<\/strong>: Compuesto antioxidante presente en uvas y bayas<\/li><li><strong>Aceite MCT<\/strong>: Proporciona combustible cerebral alternativo (cetonas) en las primeras etapas<\/li><\/ul>\t\t\t\t\t\t\t\t<\/div>\n\t\t\t\t<\/div>\n\t\t\t\t<div class=\"elementor-element elementor-element-e57ff16 elementor-widget elementor-widget-heading\" data-id=\"e57ff16\" data-element_type=\"widget\" data-e-type=\"widget\" data-widget_type=\"heading.default\">\n\t\t\t\t<div class=\"elementor-widget-container\">\n\t\t\t\t\t<h2 class=\"elementor-heading-title elementor-size-default\">Preguntas m\u00e1s frecuentes (FAQ)<\/h2>\t\t\t\t<\/div>\n\t\t\t\t<\/div>\n\t\t\t\t<div class=\"elementor-element elementor-element-24126f9 elementor-widget elementor-widget-text-editor\" data-id=\"24126f9\" data-element_type=\"widget\" data-e-type=\"widget\" data-widget_type=\"text-editor.default\">\n\t\t\t\t<div class=\"elementor-widget-container\">\n\t\t\t\t\t\t\t\t\t<ol><li><strong>\u00bfCu\u00e1les son los signos de alerta del Alzheimer precoz? <\/strong>Fallos de memoria, confusi\u00f3n, cambios de humor, dificultad para encontrar palabras y retraimiento de la vida social.<br \/><br \/><\/li><li><strong>\u00bfSe puede revertir la enfermedad de Alzheimer? <\/strong>Actualmente no existe cura ni reversi\u00f3n, pero la detecci\u00f3n e intervenci\u00f3n tempranas pueden ayudar a controlar los s\u00edntomas.<br \/><br \/><\/li><li><strong>\u00bfCu\u00e1nto tiempo puede vivir una persona con Alzheimer? <\/strong>La media es de 4-8 a\u00f1os tras el diagn\u00f3stico, pero algunos viven entre 10 y 20 a\u00f1os, especialmente con apoyo hol\u00edstico.<br \/><br \/><\/li><li><strong>\u00bfEs lo mismo Alzheimer que demencia? <\/strong>No - El Alzheimer causa demencia, pero la demencia tambi\u00e9n puede ser consecuencia de otras afecciones.<br \/><br \/><\/li><li><strong>\u00bfA qu\u00e9 edad suele empezar el Alzheimer? <\/strong>La mayor\u00eda de los casos comienzan despu\u00e9s de los 65 a\u00f1os, pero el Alzheimer de aparici\u00f3n temprana puede empezar a los 40 o 50 a\u00f1os.<br \/><br \/><\/li><li><strong>\u00bfExisten diferentes fases de la enfermedad de Alzheimer? <\/strong>S\u00ed: temprana (leve), media (moderada) y tard\u00eda (grave), cada una con s\u00edntomas y necesidades espec\u00edficas.<br \/><br \/><\/li><li><strong>\u00bfPuede el estr\u00e9s causar Alzheimer? <\/strong>El estr\u00e9s cr\u00f3nico puede contribuir al deterioro cognitivo al aumentar la inflamaci\u00f3n y el cortisol.<br \/><br \/><\/li><li><strong>\u00bfQu\u00e9 vitaminas ayudan a prevenir el Alzheimer? <\/strong>La vitamina D, B6, B12, el folato y antioxidantes como las vitaminas C y E son esenciales.<br \/><br \/><\/li><li><strong>\u00bfEs hereditario el Alzheimer? <\/strong>Puede serlo. La gen\u00e9tica desempe\u00f1a un papel, sobre todo en los tipos de aparici\u00f3n temprana, pero el estilo de vida sigue siendo importante.<br \/><br \/><\/li><li><strong>\u00bfC\u00f3mo se diagnostica la enfermedad de Alzheimer? <\/strong>El diagn\u00f3stico implica pruebas de memoria, ex\u00e1menes neurol\u00f3gicos, im\u00e1genes cerebrales (como resonancia magn\u00e9tica o tomograf\u00eda por emisi\u00f3n de positrones) y an\u00e1lisis de sangre.<br \/><br \/><\/li><li><strong>\u00bfExiste alguna prueba para detectar precozmente el Alzheimer? <\/strong>S\u00ed, en algunas cl\u00ednicas ya se realizan exploraciones avanzadas, an\u00e1lisis de sangre con biomarcadores y pruebas gen\u00e9ticas.<br \/><br \/><\/li><li><strong>\u00bfPueden los cambios en el estilo de vida ralentizar la progresi\u00f3n del Alzheimer? <\/strong>S\u00ed, los h\u00e1bitos saludables pueden retrasar los s\u00edntomas, sobre todo si se inician pronto.<br \/><br \/><\/li><li><strong>\u00bfExisten remedios naturales para el Alzheimer? <\/strong>Algunos suplementos, hierbas y pr\u00e1cticas hol\u00edsticas favorecen la salud cerebral, aunque no son curas.<br \/><br \/><\/li><li><strong>\u00bfEl Alzheimer provoca cambios de personalidad? <\/strong>S\u00ed, los cambios de humor, la agitaci\u00f3n y las alteraciones del comportamiento son frecuentes a medida que avanza la enfermedad.<br \/><br \/><\/li><li><strong>\u00bfSe puede prevenir el Alzheimer si viene de familia? <\/strong>Puede que no la prevenga por completo, pero una vida sana puede reducir significativamente su riesgo.<\/li><\/ol>\t\t\t\t\t\t\t\t<\/div>\n\t\t\t\t<\/div>\n\t\t\t\t<div class=\"elementor-element elementor-element-d55de0c elementor-widget elementor-widget-heading\" data-id=\"d55de0c\" data-element_type=\"widget\" data-e-type=\"widget\" data-widget_type=\"heading.default\">\n\t\t\t\t<div class=\"elementor-widget-container\">\n\t\t\t\t\t<h2 class=\"elementor-heading-title elementor-size-default\">Reflexiones finales: Potenciar la prevenci\u00f3n y el apoyo compasivo<\/h2>\t\t\t\t<\/div>\n\t\t\t\t<\/div>\n\t\t\t\t<div class=\"elementor-element elementor-element-d16ab0f elementor-widget elementor-widget-text-editor\" data-id=\"d16ab0f\" data-element_type=\"widget\" data-e-type=\"widget\" data-widget_type=\"text-editor.default\">\n\t\t\t\t<div class=\"elementor-widget-container\">\n\t\t\t\t\t\t\t\t\t<p>En <strong>Enfermedad de Alzheimer<\/strong> sigue siendo un diagn\u00f3stico desalentador, estamos lejos de estar indefensos. Con cada estudio, cada enfoque integrador y cada acto de concienciaci\u00f3n temprana, nos acercamos a un futuro de <strong>prevenci\u00f3n, resiliencia y esperanza<\/strong>.<\/p><p>\u00a0<\/p><p>Tanto si cuidas de un ser querido como si proteges tu propia salud cognitiva, recuerda:<\/p><p>\u00a0<\/p><ul><li>Tu estilo de vida es importante.<\/li><li>Su bienestar emocional es importante.<\/li><li>Tu concienciaci\u00f3n y tu acci\u00f3n marcan la diferencia.<\/li><\/ul><p><strong>Biorretroalimentaci\u00f3n, nutrici\u00f3n beneficiosa para el cerebro, conexi\u00f3n social y vida consciente.<\/strong> pueden contribuir a la salud cognitiva, sobre todo si se practican de forma constante y precoz.<\/p>\t\t\t\t\t\t\t\t<\/div>\n\t\t\t\t<\/div>\n\t\t\t\t<div class=\"elementor-element elementor-element-3a1ece4 elementor-widget elementor-widget-heading\" data-id=\"3a1ece4\" data-element_type=\"widget\" data-e-type=\"widget\" data-widget_type=\"heading.default\">\n\t\t\t\t<div class=\"elementor-widget-container\">\n\t\t\t\t\t<h2 class=\"elementor-heading-title elementor-size-default\">Mantente conectado<\/h2>\t\t\t\t<\/div>\n\t\t\t\t<\/div>\n\t\t\t\t<div class=\"elementor-element elementor-element-9164285 elementor-widget elementor-widget-text-editor\" data-id=\"9164285\" data-element_type=\"widget\" data-e-type=\"widget\" data-widget_type=\"text-editor.default\">\n\t\t\t\t<div class=\"elementor-widget-container\">\n\t\t\t\t\t\t\t\t\t<p>\u00bfQuiere informaci\u00f3n sobre salud cerebral natural e invitaciones a eventos? <strong>Suscr\u00edbase a nuestro bolet\u00edn<\/strong> para conocer lo \u00faltimo en biorretroalimentaci\u00f3n, nutrici\u00f3n cerebral y apoyo integral al Alzheimer.<\/p><p>\u00a0<\/p><p><em>Explore los sistemas de biorretroalimentaci\u00f3n de QX World y c\u00f3mo favorecen el equilibrio del sistema nervioso.<\/em><\/p>\t\t\t\t\t\t\t\t<\/div>\n\t\t\t\t<\/div>\n\t\t\t\t<div class=\"elementor-element elementor-element-953fc5f elementor-widget elementor-widget-text-editor\" data-id=\"953fc5f\" data-element_type=\"widget\" data-e-type=\"widget\" data-widget_type=\"text-editor.default\">\n\t\t\t\t<div class=\"elementor-widget-container\">\n\t\t\t\t\t\t\t\t\t<p>Para saber m\u00e1s sobre este tema, vea\u00a0<a href=\"https:\/\/www.qxworld.eu\/courses\/degenerative-disorders-advances-in-understanding-and-managing-chronic-conditions\/\"><b><u>la grabaci\u00f3n de nuestro seminario web sobre trastornos degenerativos<\/u><\/b><\/a>.<\/p>\t\t\t\t\t\t\t\t<\/div>\n\t\t\t\t<\/div>\n\t\t\t\t\t<\/div>\n\t\t<\/div>\n\t\t\t\t\t<\/div>\n\t\t<\/section>\n\t\t<div class=\"elementor-element elementor-element-440fc216 e-flex e-con-boxed e-con e-parent\" data-id=\"440fc216\" data-element_type=\"container\" data-e-type=\"container\" data-settings=\"{&quot;jet_parallax_layout_list&quot;:[]}\">\n\t\t\t\t\t<div class=\"e-con-inner\">\n\t\t\t\t\t<\/div>\n\t\t\t\t<\/div>\n\t\t\t\t<\/div>","protected":false},"excerpt":{"rendered":"<p>Alzheimer\u2019s disease affects over 55 million people worldwide \u2014 a staggering number that continues to grow. But beyond the statistics, this condition is deeply personal; it touches our families, our lives, and our closest relationships. While often seen as a condition of aging, it is much more complex. Alzheimer\u2019s is rooted in biology, behavior, and [&hellip;]<\/p>\n","protected":false},"author":4,"featured_media":339816,"comment_status":"closed","ping_status":"open","sticky":false,"template":"","format":"standard","meta":{"_acf_changed":false,"_seopress_robots_primary_cat":"","_seopress_titles_title":"What Causes Alzheimer\u2019s? Symptoms, Causes & Biofeedback Support","_seopress_titles_desc":"Discover what causes Alzheimer\u2019s, how symptoms develop, and how quantum biofeedback can support clarity, balance, and emotional well-being.","_seopress_robots_index":"","footnotes":""},"categories":[92,165],"tags":[],"class_list":["post-339812","post","type-post","status-publish","format-standard","has-post-thumbnail","hentry","category-blog","category-qx-views"],"acf":[],"_links":{"self":[{"href":"https:\/\/www.qxworld.eu\/es\/wp-json\/wp\/v2\/posts\/339812","targetHints":{"allow":["GET"]}}],"collection":[{"href":"https:\/\/www.qxworld.eu\/es\/wp-json\/wp\/v2\/posts"}],"about":[{"href":"https:\/\/www.qxworld.eu\/es\/wp-json\/wp\/v2\/types\/post"}],"author":[{"embeddable":true,"href":"https:\/\/www.qxworld.eu\/es\/wp-json\/wp\/v2\/users\/4"}],"replies":[{"embeddable":true,"href":"https:\/\/www.qxworld.eu\/es\/wp-json\/wp\/v2\/comments?post=339812"}],"version-history":[{"count":27,"href":"https:\/\/www.qxworld.eu\/es\/wp-json\/wp\/v2\/posts\/339812\/revisions"}],"predecessor-version":[{"id":349240,"href":"https:\/\/www.qxworld.eu\/es\/wp-json\/wp\/v2\/posts\/339812\/revisions\/349240"}],"wp:featuredmedia":[{"embeddable":true,"href":"https:\/\/www.qxworld.eu\/es\/wp-json\/wp\/v2\/media\/339816"}],"wp:attachment":[{"href":"https:\/\/www.qxworld.eu\/es\/wp-json\/wp\/v2\/media?parent=339812"}],"wp:term":[{"taxonomy":"category","embeddable":true,"href":"https:\/\/www.qxworld.eu\/es\/wp-json\/wp\/v2\/categories?post=339812"},{"taxonomy":"post_tag","embeddable":true,"href":"https:\/\/www.qxworld.eu\/es\/wp-json\/wp\/v2\/tags?post=339812"}],"curies":[{"name":"wp","href":"https:\/\/api.w.org\/{rel}","templated":true}]}}