{"id":215406,"date":"2024-06-11T11:00:39","date_gmt":"2024-06-11T09:00:39","guid":{"rendered":"https:\/\/www.qxworld.eu\/?p=215406"},"modified":"2024-09-06T12:22:34","modified_gmt":"2024-09-06T10:22:34","slug":"taplalkozasi-profilalkotas-fulfertozesek","status":"publish","type":"post","link":"https:\/\/www.qxworld.eu\/hu\/blog\/nutrition-profiling-ear-infections\/","title":{"rendered":"A t\u00e1pl\u00e1lkoz\u00e1si profilok felt\u00e1rj\u00e1k Ana (3) eg\u00e9szs\u00e9g\u00e9nek rejt\u00e9ly\u00e9t"},"content":{"rendered":"<div data-elementor-type=\"wp-post\" data-elementor-id=\"215406\" class=\"elementor elementor-215406\" data-elementor-post-type=\"post\">\n\t\t\t\t\t\t<section class=\"elementor-section elementor-top-section elementor-element elementor-element-d4021cc elementor-section-boxed elementor-section-height-default elementor-section-height-default\" data-id=\"d4021cc\" data-element_type=\"section\" data-e-type=\"section\" data-settings=\"{&quot;jet_parallax_layout_list&quot;:[]}\">\n\t\t\t\t\t\t<div class=\"elementor-container elementor-column-gap-default\">\n\t\t\t\t\t<div class=\"elementor-column elementor-col-100 elementor-top-column elementor-element elementor-element-4acd839\" data-id=\"4acd839\" data-element_type=\"column\" data-e-type=\"column\">\n\t\t\t<div class=\"elementor-widget-wrap elementor-element-populated\">\n\t\t\t\t\t\t<div class=\"elementor-element elementor-element-8b1c67a elementor-widget elementor-widget-text-editor\" data-id=\"8b1c67a\" data-element_type=\"widget\" data-e-type=\"widget\" data-widget_type=\"text-editor.default\">\n\t\t\t\t<div class=\"elementor-widget-container\">\n\t\t\t\t\t\t\t\t\t<p>A h\u00e1rom\u00e9ves Ana Z.-t kr\u00f3nikus f\u00fclgyullad\u00e1s \u00e9s sz\u00e9kreked\u00e9s gy\u00f6t\u00f6rte. \u00c9vente hatszor \u00edrtak fel neki antibiotikumokat, de a tart\u00f3s eg\u00e9szs\u00e9g\u00fcgyi probl\u00e9m\u00e1k oka rejt\u00e9ly maradt. Ana \u00e9desanyja, Rita k\u00e9t \u00e9ven \u00e1t kereste l\u00e1nya orvosi seg\u00edts\u00e9g\u00e9t, m\u00edgnem tal\u00e1lkozott Dr. Simon M\u00e1rta t\u00e1pl\u00e1lkoz\u00e1si profilalkot\u00f3 szak\u00e9rt\u0151vel.<\/p>\t\t\t\t\t\t\t\t<\/div>\n\t\t\t\t<\/div>\n\t\t\t\t\t<\/div>\n\t\t<\/div>\n\t\t\t\t\t<\/div>\n\t\t<\/section>\n\t\t\t\t<section class=\"elementor-section elementor-top-section elementor-element elementor-element-0197e9d elementor-section-boxed elementor-section-height-default elementor-section-height-default\" data-id=\"0197e9d\" data-element_type=\"section\" data-e-type=\"section\" data-settings=\"{&quot;jet_parallax_layout_list&quot;:[]}\">\n\t\t\t\t\t\t<div class=\"elementor-container elementor-column-gap-default\">\n\t\t\t\t\t<div class=\"elementor-column elementor-col-100 elementor-top-column elementor-element elementor-element-0d59b72\" data-id=\"0d59b72\" data-element_type=\"column\" data-e-type=\"column\">\n\t\t\t<div class=\"elementor-widget-wrap elementor-element-populated\">\n\t\t\t\t\t\t<div class=\"elementor-element elementor-element-9451dd0 elementor-widget elementor-widget-heading\" data-id=\"9451dd0\" data-element_type=\"widget\" data-e-type=\"widget\" data-widget_type=\"heading.default\">\n\t\t\t\t<div class=\"elementor-widget-container\">\n\t\t\t\t\t<h2 class=\"elementor-heading-title elementor-size-default\">A tejterm\u00e9kek hat\u00e1sa<\/h2>\t\t\t\t<\/div>\n\t\t\t\t<\/div>\n\t\t\t\t<div class=\"elementor-element elementor-element-259d8c2 elementor-widget elementor-widget-heading\" data-id=\"259d8c2\" data-element_type=\"widget\" data-e-type=\"widget\" data-widget_type=\"heading.default\">\n\t\t\t\t<div class=\"elementor-widget-container\">\n\t\t\t\t\t<h3 class=\"elementor-heading-title elementor-size-default\">QX: Hogyan fedezte fel Ana probl\u00e9m\u00e1inak ok\u00e1t?<\/h3>\t\t\t\t<\/div>\n\t\t\t\t<\/div>\n\t\t\t\t\t<\/div>\n\t\t<\/div>\n\t\t\t\t\t<\/div>\n\t\t<\/section>\n\t\t\t\t<section class=\"elementor-section elementor-top-section elementor-element elementor-element-43162e9 elementor-section-boxed elementor-section-height-default elementor-section-height-default\" data-id=\"43162e9\" data-element_type=\"section\" data-e-type=\"section\" data-settings=\"{&quot;jet_parallax_layout_list&quot;:[]}\">\n\t\t\t\t\t\t<div class=\"elementor-container elementor-column-gap-default\">\n\t\t\t\t\t<div class=\"elementor-column elementor-col-100 elementor-top-column elementor-element elementor-element-0c5af88\" data-id=\"0c5af88\" data-element_type=\"column\" data-e-type=\"column\">\n\t\t\t<div class=\"elementor-widget-wrap elementor-element-populated\">\n\t\t\t\t\t\t<div class=\"elementor-element elementor-element-8bec6ab elementor-widget elementor-widget-text-editor\" data-id=\"8bec6ab\" data-element_type=\"widget\" data-e-type=\"widget\" data-widget_type=\"text-editor.default\">\n\t\t\t\t<div class=\"elementor-widget-container\">\n\t\t\t\t\t\t\t\t\t<p><strong>Az elm\u00falt hetekben az Egyes\u00fclt \u00c1llamokb\u00f3l \u00e9rkezett dr. <\/strong><strong>Simon<\/strong>: A kezdeti megk\u00f6zel\u00edt\u00e9sem mindig mag\u00e1ban foglalja a k\u00e9rd\u00e9sek feltev\u00e9s\u00e9t, hogy megismerjem valakinek a szok\u00e1sait \u00e9s a lehets\u00e9ges stresszorokat. Az egyik k\u00e9rd\u00e9s k\u00fcl\u00f6n\u00f6sen az volt, hogy mennyi tejet \u00e9s tejterm\u00e9ket fogyaszt Ana.<\/p>\t\t\t\t\t\t\t\t<\/div>\n\t\t\t\t<\/div>\n\t\t\t\t\t<\/div>\n\t\t<\/div>\n\t\t\t\t\t<\/div>\n\t\t<\/section>\n\t\t\t\t<section class=\"elementor-section elementor-top-section elementor-element elementor-element-d17e1d0 elementor-section-boxed elementor-section-height-default elementor-section-height-default\" data-id=\"d17e1d0\" data-element_type=\"section\" data-e-type=\"section\" data-settings=\"{&quot;jet_parallax_layout_list&quot;:[]}\">\n\t\t\t\t\t\t<div class=\"elementor-container elementor-column-gap-default\">\n\t\t\t\t\t<div class=\"elementor-column elementor-col-100 elementor-top-column elementor-element elementor-element-a6e8de0\" data-id=\"a6e8de0\" data-element_type=\"column\" data-e-type=\"column\">\n\t\t\t<div class=\"elementor-widget-wrap elementor-element-populated\">\n\t\t\t\t\t\t<div class=\"elementor-element elementor-element-9d44ab8 elementor-widget elementor-widget-heading\" data-id=\"9d44ab8\" data-element_type=\"widget\" data-e-type=\"widget\" data-widget_type=\"heading.default\">\n\t\t\t\t<div class=\"elementor-widget-container\">\n\t\t\t\t\t<h3 class=\"elementor-heading-title elementor-size-default\">QX: Pontosan mi volt a probl\u00e9ma?<\/h3>\t\t\t\t<\/div>\n\t\t\t\t<\/div>\n\t\t\t\t<div class=\"elementor-element elementor-element-a1cc833 elementor-widget elementor-widget-text-editor\" data-id=\"a1cc833\" data-element_type=\"widget\" data-e-type=\"widget\" data-widget_type=\"text-editor.default\">\n\t\t\t\t<div class=\"elementor-widget-container\">\n\t\t\t\t\t\t\t\t\t<p><strong>Rita<\/strong>: Ana naponta legal\u00e1bb k\u00e9t poh\u00e1r tejet ivott, \u00e9s gyakran adtam neki joghurtot eg\u00e9szs\u00e9ges nassolnival\u00f3k\u00e9nt a dolgos napokon. Dr. Simon elmagyar\u00e1zta nekem, hogy \u00f6sszef\u00fcgg\u00e9s van a tejterm\u00e9kek \u00e9s az Ana f\u00fclgyullad\u00e1ssal \u00e9s sz\u00e9kreked\u00e9ssel kapcsolatos probl\u00e9m\u00e1i k\u00f6z\u00f6tt.<\/p>\t\t\t\t\t\t\t\t<\/div>\n\t\t\t\t<\/div>\n\t\t\t\t<div class=\"elementor-element elementor-element-756adf7 elementor-widget elementor-widget-heading\" data-id=\"756adf7\" data-element_type=\"widget\" data-e-type=\"widget\" data-widget_type=\"heading.default\">\n\t\t\t\t<div class=\"elementor-widget-container\">\n\t\t\t\t\t<h2 class=\"elementor-heading-title elementor-size-default\">V\u00edz \u00e9s b\u00e9lrendszeri eg\u00e9szs\u00e9g<\/h2>\t\t\t\t<\/div>\n\t\t\t\t<\/div>\n\t\t\t\t<div class=\"elementor-element elementor-element-5f7fc8b elementor-widget elementor-widget-text-editor\" data-id=\"5f7fc8b\" data-element_type=\"widget\" data-e-type=\"widget\" data-widget_type=\"text-editor.default\">\n\t\t\t\t<div class=\"elementor-widget-container\">\n\t\t\t\t\t\t\t\t\t<p><strong>Az elm\u00falt hetekben az Egyes\u00fclt \u00c1llamokb\u00f3l \u00e9rkezett dr. <\/strong><strong>Simon<\/strong>: Ana sok gy\u00fcm\u00f6lcslevet ivott v\u00edz helyett, ami miatt a b\u00e9lrendszere \u00e9s a m\u00e1ja kisz\u00e1radt. A b\u00e9lrendszer kisz\u00e1rad\u00e1sa az allergi\u00e1k \u00e9s \u00e9rz\u00e9kenys\u00e9gek egyik jelent\u0151s kiv\u00e1lt\u00f3 oka, mint Ana eset\u00e9ben is. Ezen k\u00edv\u00fcl Ana v\u00edzhi\u00e1nya savas k\u00f6rnyezethez vezetett, ami megterhelte a ves\u00e9it.<\/p>\t\t\t\t\t\t\t\t<\/div>\n\t\t\t\t<\/div>\n\t\t\t\t<div class=\"elementor-element elementor-element-3526d1f elementor-widget elementor-widget-heading\" data-id=\"3526d1f\" data-element_type=\"widget\" data-e-type=\"widget\" data-widget_type=\"heading.default\">\n\t\t\t\t<div class=\"elementor-widget-container\">\n\t\t\t\t\t<h2 class=\"elementor-heading-title elementor-size-default\">Antibiotikumok<\/h2>\t\t\t\t<\/div>\n\t\t\t\t<\/div>\n\t\t\t\t<div class=\"elementor-element elementor-element-c206e27 elementor-widget elementor-widget-text-editor\" data-id=\"c206e27\" data-element_type=\"widget\" data-e-type=\"widget\" data-widget_type=\"text-editor.default\">\n\t\t\t\t<div class=\"elementor-widget-container\">\n\t\t\t\t\t\t\t\t\t<p><strong>Az elm\u00falt hetekben az Egyes\u00fclt \u00c1llamokb\u00f3l \u00e9rkezett dr. <\/strong><strong>Simon<\/strong>: Azt\u00e1n ott voltak az antibiotikumok, amelyeket Ana szedett. Az antibiotikumok nemcsak a k\u00e1ros bakt\u00e9riumokat puszt\u00edtj\u00e1k el, hanem a b\u00e9lben l\u00e9v\u0151 hasznos bakt\u00e9riumokat is k\u00e1ros\u00edtj\u00e1k. Ez nagy stresszt okoz az immunrendszernek.<\/p>\t\t\t\t\t\t\t\t<\/div>\n\t\t\t\t<\/div>\n\t\t\t\t<div class=\"elementor-element elementor-element-565091a elementor-widget elementor-widget-heading\" data-id=\"565091a\" data-element_type=\"widget\" data-e-type=\"widget\" data-widget_type=\"heading.default\">\n\t\t\t\t<div class=\"elementor-widget-container\">\n\t\t\t\t\t<h2 class=\"elementor-heading-title elementor-size-default\">Gy\u00f3gyul\u00e1si folyamat \u00e9s t\u00e1pl\u00e1lkoz\u00e1si profilok<\/h2>\t\t\t\t<\/div>\n\t\t\t\t<\/div>\n\t\t\t\t<div class=\"elementor-element elementor-element-c69524b elementor-widget elementor-widget-heading\" data-id=\"c69524b\" data-element_type=\"widget\" data-e-type=\"widget\" data-widget_type=\"heading.default\">\n\t\t\t\t<div class=\"elementor-widget-container\">\n\t\t\t\t\t<h3 class=\"elementor-heading-title elementor-size-default\">QX: Mi volt a k\u00f6vetkez\u0151 l\u00e9p\u00e9s?<\/h3>\t\t\t\t<\/div>\n\t\t\t\t<\/div>\n\t\t\t\t<div class=\"elementor-element elementor-element-e2f2e33 elementor-widget elementor-widget-text-editor\" data-id=\"e2f2e33\" data-element_type=\"widget\" data-e-type=\"widget\" data-widget_type=\"text-editor.default\">\n\t\t\t\t<div class=\"elementor-widget-container\">\n\t\t\t\t\t\t\t\t\t<p><strong>Dr. Simon<\/strong>: Rit\u00e1t t\u00e1j\u00e9koztattam a gyermekeknek sz\u00e1nt probiotikumokr\u00f3l, \u00e9s hangs\u00falyoztam azok fontoss\u00e1g\u00e1t. Ezenk\u00edv\u00fcl megosztottam vele n\u00e9h\u00e1ny j\u00f3 h\u00edr\u0171 term\u00e9k nev\u00e9t, hogy ut\u00e1nan\u00e9zhessen, \u00e9s \u00edgy seg\u00edtettem neki, hogy megalapozott d\u00f6nt\u00e9st hozzon arr\u00f3l, hogy mi lenne a legjobb Ana sz\u00e1m\u00e1ra.<\/p><p>\u00a0<\/p><p><strong>Rita<\/strong>: Nem volt k\u00f6nny\u0171, de valahogy siker\u00fclt. M\u00e1r h\u00e1rom kezel\u00e9s ut\u00e1n is l\u00e1ttam a k\u00fcl\u00f6nbs\u00e9get. A b\u00e9lmozg\u00e1sa visszat\u00e9rt a norm\u00e1lis ker\u00e9kv\u00e1g\u00e1sba, \u00e9s a f\u00fclgyullad\u00e1sai is megsz\u0171ntek. M\u00e1r egy \u00e9ve \u00edgy van.<\/p>\t\t\t\t\t\t\t\t<\/div>\n\t\t\t\t<\/div>\n\t\t\t\t<div class=\"elementor-element elementor-element-b31175c elementor-widget elementor-widget-heading\" data-id=\"b31175c\" data-element_type=\"widget\" data-e-type=\"widget\" data-widget_type=\"heading.default\">\n\t\t\t\t<div class=\"elementor-widget-container\">\n\t\t\t\t\t<h3 class=\"elementor-heading-title elementor-size-default\">QX: Gondolod, hogy Ana teljesen fel\u00e9p\u00fclt?<\/h3>\t\t\t\t<\/div>\n\t\t\t\t<\/div>\n\t\t\t\t<div class=\"elementor-element elementor-element-c327ad9 elementor-widget elementor-widget-text-editor\" data-id=\"c327ad9\" data-element_type=\"widget\" data-e-type=\"widget\" data-widget_type=\"text-editor.default\">\n\t\t\t\t<div class=\"elementor-widget-container\">\n\t\t\t\t\t\t\t\t\t<p><strong>Az elm\u00falt hetekben az Egyes\u00fclt \u00c1llamokb\u00f3l \u00e9rkezett dr. <\/strong><strong>Simon<\/strong>: Ana visszat\u00e9r az \u00e9ves nyomon k\u00f6vet\u00e9sre <a href=\"https:\/\/www.qxworld.eu\/benefits-biofeedback-sessions\/\"><b>biofeedback \u00fcl\u00e9sek<\/b><\/a>, de b\u00edzom a gy\u00f3gyul\u00e1s\u00e1ban. A t\u00e1pl\u00e1lkoz\u00e1si profilalkot\u00e1s megtan\u00edtott minket mindenre, amit tudnunk kell, hogy biztosak lehess\u00fcnk abban, hogy az eg\u00e9szs\u00e9g\u00fcgyi probl\u00e9m\u00e1i nem fognak gyorsan visszat\u00e9rni.<\/p>\t\t\t\t\t\t\t\t<\/div>\n\t\t\t\t<\/div>\n\t\t\t\t<div class=\"elementor-element elementor-element-89fa05f elementor-widget elementor-widget-text-editor\" data-id=\"89fa05f\" data-element_type=\"widget\" data-e-type=\"widget\" data-widget_type=\"text-editor.default\">\n\t\t\t\t<div class=\"elementor-widget-container\">\n\t\t\t\t\t\t\t\t\t<p><strong>Dr. Simon M\u00e1rta<\/strong> neurol\u00f3gus, szomnol\u00f3giai szak\u00e9rt\u0151 \u00e9s eg\u00e9szs\u00e9g\u00fcgyi edz\u0151. Budapesten \u00e9l, ahol saj\u00e1t biofeedback \u00e9s term\u00e9szetes sz\u00e9ps\u00e9gklinik\u00e1t vezet.<\/p>\t\t\t\t\t\t\t\t<\/div>\n\t\t\t\t<\/div>\n\t\t\t\t\t<\/div>\n\t\t<\/div>\n\t\t\t\t\t<\/div>\n\t\t<\/section>\n\t\t\t\t<section class=\"elementor-section elementor-top-section elementor-element elementor-element-e97e981 elementor-section-boxed elementor-section-height-default elementor-section-height-default\" data-id=\"e97e981\" data-element_type=\"section\" data-e-type=\"section\" data-settings=\"{&quot;jet_parallax_layout_list&quot;:[]}\">\n\t\t\t\t\t\t<div class=\"elementor-container elementor-column-gap-default\">\n\t\t\t\t\t<div class=\"elementor-column elementor-col-100 elementor-top-column elementor-element elementor-element-a9a7d32\" data-id=\"a9a7d32\" data-element_type=\"column\" data-e-type=\"column\">\n\t\t\t<div class=\"elementor-widget-wrap elementor-element-populated\">\n\t\t\t\t\t\t<div class=\"elementor-element elementor-element-4581140 elementor-widget elementor-widget-text-editor\" data-id=\"4581140\" data-element_type=\"widget\" data-e-type=\"widget\" data-widget_type=\"text-editor.default\">\n\t\t\t\t<div class=\"elementor-widget-container\">\n\t\t\t\t\t\t\t\t\t<p><strong>Ana Z.<\/strong> (3) \u00e9desanyj\u00e1val, Rit\u00e1val, \u00e9desapj\u00e1val \u00e9s h\u00e1rom testv\u00e9r\u00e9vel \u00e9l a rom\u00e1niai Ia\u0219i-ban.<\/p>\t\t\t\t\t\t\t\t<\/div>\n\t\t\t\t<\/div>\n\t\t\t\t\t<\/div>\n\t\t<\/div>\n\t\t\t\t\t<\/div>\n\t\t<\/section>\n\t\t\t\t<\/div>","protected":false},"excerpt":{"rendered":"<p>Three-year-old Ana Z. was plagued by chronic ear infections and constipation. She was prescribed antibiotics six times a year, yet the cause of her persistent health issues remained a mystery. Ana\u2019s mother, Rita, spent two years seeking medical assistance for her daughter until she met nutrition profiling expert Dr. M\u00e1rta Simon. The impact of dairy [&hellip;]<\/p>\n","protected":false},"author":530,"featured_media":215407,"comment_status":"open","ping_status":"open","sticky":false,"template":"","format":"standard","meta":{"_acf_changed":false,"_seopress_robots_primary_cat":"92","_seopress_titles_title":"Nutrition profiling unravels the mystery of Ana\u2019s health","_seopress_titles_desc":"Nutrition profiling by Dr. Simon revealed the cause of Ana's health issues, putting an end to her chronic ear infections and constipation.","_seopress_robots_index":"","footnotes":""},"categories":[92,164],"tags":[],"class_list":["post-215406","post","type-post","status-publish","format-standard","has-post-thumbnail","hentry","category-blog","category-qx-back2back"],"acf":[],"_links":{"self":[{"href":"https:\/\/www.qxworld.eu\/hu\/wp-json\/wp\/v2\/posts\/215406","targetHints":{"allow":["GET"]}}],"collection":[{"href":"https:\/\/www.qxworld.eu\/hu\/wp-json\/wp\/v2\/posts"}],"about":[{"href":"https:\/\/www.qxworld.eu\/hu\/wp-json\/wp\/v2\/types\/post"}],"author":[{"embeddable":true,"href":"https:\/\/www.qxworld.eu\/hu\/wp-json\/wp\/v2\/users\/530"}],"replies":[{"embeddable":true,"href":"https:\/\/www.qxworld.eu\/hu\/wp-json\/wp\/v2\/comments?post=215406"}],"version-history":[{"count":9,"href":"https:\/\/www.qxworld.eu\/hu\/wp-json\/wp\/v2\/posts\/215406\/revisions"}],"predecessor-version":[{"id":216886,"href":"https:\/\/www.qxworld.eu\/hu\/wp-json\/wp\/v2\/posts\/215406\/revisions\/216886"}],"wp:featuredmedia":[{"embeddable":true,"href":"https:\/\/www.qxworld.eu\/hu\/wp-json\/wp\/v2\/media\/215407"}],"wp:attachment":[{"href":"https:\/\/www.qxworld.eu\/hu\/wp-json\/wp\/v2\/media?parent=215406"}],"wp:term":[{"taxonomy":"category","embeddable":true,"href":"https:\/\/www.qxworld.eu\/hu\/wp-json\/wp\/v2\/categories?post=215406"},{"taxonomy":"post_tag","embeddable":true,"href":"https:\/\/www.qxworld.eu\/hu\/wp-json\/wp\/v2\/tags?post=215406"}],"curies":[{"name":"wp","href":"https:\/\/api.w.org\/{rel}","templated":true}]}}