{"id":371872,"date":"2026-03-17T15:50:00","date_gmt":"2026-03-17T14:50:00","guid":{"rendered":"https:\/\/www.qxworld.eu\/?p=371872"},"modified":"2026-03-17T14:38:10","modified_gmt":"2026-03-17T13:38:10","slug":"medencefenek-izmok-anatomia-funkcio-kozos-problemak","status":"publish","type":"post","link":"https:\/\/www.qxworld.eu\/hu\/blog\/pelvic-floor-muscles-anatomy-function-common-issues\/","title":{"rendered":"Medencefen\u00e9k-izmok: Anat\u00f3mia, m\u0171k\u00f6d\u00e9s, gyakori probl\u00e9m\u00e1k"},"content":{"rendered":"<div data-elementor-type=\"wp-post\" data-elementor-id=\"371872\" class=\"elementor elementor-371872\" data-elementor-post-type=\"post\">\n\t\t\t\t\t\t<section class=\"elementor-section elementor-top-section elementor-element elementor-element-76133fda elementor-section-boxed elementor-section-height-default elementor-section-height-default\" data-id=\"76133fda\" data-element_type=\"section\" data-e-type=\"section\" data-settings=\"{&quot;jet_parallax_layout_list&quot;:[]}\">\n\t\t\t\t\t\t<div class=\"elementor-container elementor-column-gap-default\">\n\t\t\t\t\t<div class=\"elementor-column elementor-col-100 elementor-top-column elementor-element elementor-element-fb09a6c\" data-id=\"fb09a6c\" data-element_type=\"column\" data-e-type=\"column\">\n\t\t\t<div class=\"elementor-widget-wrap elementor-element-populated\">\n\t\t\t\t\t\t<div class=\"elementor-element elementor-element-722da1e4 elementor-widget elementor-widget-text-editor\" data-id=\"722da1e4\" data-element_type=\"widget\" data-e-type=\"widget\" data-widget_type=\"text-editor.default\">\n\t\t\t\t<div class=\"elementor-widget-container\">\n\t\t\t\t\t\t\t\t\t<p><strong>A medencefen\u00e9k eg\u00e9szs\u00e9ge a fizikai j\u00f3l\u00e9t egyik legfontosabb - \u00e9s legkev\u00e9sb\u00e9 ny\u00edltan megvitatott - alapja. A medencefen\u00e9k befoly\u00e1solja a h\u00f3lyag- \u00e9s b\u00e9lszab\u00e1lyoz\u00e1st, a szexu\u00e1lis funkci\u00f3kat, a testtart\u00e1st, a l\u00e9gz\u00e9st \u00e9s a t\u00f6rzs stabilit\u00e1s\u00e1t, m\u00e9gis sokan \u00fagy \u00e9lik le az \u00e9let\u00fcket, hogy soha nem tudj\u00e1k, mi az a medencefen\u00e9k, hol tal\u00e1lhat\u00f3, vagy hogyan m\u0171k\u00f6dik a mindennapi mozg\u00e1s \u00e9s stressz sor\u00e1n. A medencefen\u00e9kkel kapcsolatos probl\u00e9m\u00e1k a n\u0151ket \u00e9s a f\u00e9rfiakat az eg\u00e9sz \u00e9let sor\u00e1n \u00e9rintik, \u00e9s gyakoriak a terhess\u00e9g alatt \u00e9s a sz\u00fcl\u00e9s ut\u00e1n, prosztatam\u0171t\u00e9tet k\u00f6vet\u0151en, a menopauza alatt, valamint a tart\u00f3s fizikai vagy \u00e9rzelmi stressz id\u0151szak\u00e1ban. Ennek ellen\u00e9re a medencefen\u00e9kkel kapcsolatos probl\u00e9m\u00e1kr\u00f3l gyakran csak a t\u00fcnetek megjelen\u00e9se ut\u00e1n besz\u00e9lnek, nem pedig a korai oktat\u00e1s \u00e9s megel\u0151z\u00e9s r\u00e9szek\u00e9nt.<\/strong><\/p><p>\u00a0<\/p><p>Mint minden m\u00e1s a testben, a medencefen\u00e9k sem l\u00e9tezik elszigetelten. M\u00e1s szervekkel, izomcsoportokkal \u00e9s rendszerekkel a fasci\u00e1kon, idegeken \u00e9s a k\u00f6z\u00f6s nyom\u00e1sdinamik\u00e1n kereszt\u00fcl kapcsol\u00f3dik. A medencefen\u00e9k \u00e1lland\u00f3 kapcsolatban m\u0171k\u00f6dik a rekeszizommal, a m\u00e9ly hasizmokkal, a gerinccel \u00e9s a cs\u00edp\u0151vel - \u00e9s m\u00e9g olyan ter\u00fcletekkel is, amelyek t\u00e1volinak t\u0171nhetnek, mint p\u00e9ld\u00e1ul az \u00e1llkapocs \u00e9s a nyak. A korl\u00e1tozott l\u00e9gz\u00e9s, a cs\u00edp\u0151fesz\u00fclts\u00e9g, az \u00e1llkapocs vagy a v\u00e1llak kr\u00f3nikus \u00f6sszeszor\u00edt\u00e1sa \u00e9s a testtart\u00e1s megv\u00e1ltoz\u00e1sa mind befoly\u00e1solhatj\u00e1k a medencefen\u00e9k viselked\u00e9s\u00e9t.<\/p><p>\u00a0<\/p><p>A fascia kulcsszerepet j\u00e1tszik ezekben a kapcsolatokban. A fascia folyamatos k\u00f6t\u0151sz\u00f6veti h\u00e1l\u00f3zatk\u00e9nt \u00f6sszek\u00f6ti a medencefeneket a has\u00fcreggel, a h\u00e1t als\u00f3 r\u00e9sz\u00e9vel, a combok bels\u0151 r\u00e9sz\u00e9vel \u00e9s felfel\u00e9 a t\u00f6rzs\u00f6n kereszt\u00fcl. Ha a fascia besz\u0171k\u00fcl - s\u00e9r\u00fcl\u00e9s, m\u0171t\u00e9t, hosszan tart\u00f3 stressz vagy v\u00e9dekez\u0151 tart\u00e1s miatt -, a mozg\u00e1s \u00e9s az \u00e9rz\u00e9s megv\u00e1ltozhat az eg\u00e9sz rendszerben. Ez az egyik oka annak, hogy a medencefen\u00e9ki t\u00fcnetek egy\u00fctt j\u00e1rhatnak cs\u00edp\u0151fesz\u00fcl\u00e9ssel, der\u00e9kt\u00e1ji panaszokkal, \u00e1llkapocsfesz\u00fcl\u00e9ssel vagy \u00e1ltal\u00e1nos fesz\u00fclts\u00e9g\u00e9rz\u00e9ssel a testben.<\/p><p>\u00a0<\/p><p>Az \u00e9rzelmek \u00e9s a stresszre adott v\u00e1laszok szint\u00e9n a k\u00e9p r\u00e9sz\u00e9t k\u00e9pezik. A medencefen\u00e9k reflexszer\u0171en reag\u00e1l a fenyeget\u00e9sre, a biztons\u00e1gra, a f\u00e9lelemre \u00e9s az er\u0151fesz\u00edt\u00e9sre. Id\u0151vel az \u00e9rzelmi megterhel\u00e9s vagy az ism\u00e9tl\u0151d\u0151 stressz hozz\u00e1j\u00e1rulhat a medencefen\u00e9k megszokott fesz\u00fclts\u00e9g\u00e9hez vagy cs\u00f6kkent tudatoss\u00e1g\u00e1hoz, csak\u00fagy, mint az \u00e1llkapocs, a v\u00e1llak vagy a cs\u00edp\u0151 eset\u00e9ben.<\/p><p>\u00a0<\/p><p>A medencefen\u00e9k izmainak meg\u00e9rt\u00e9se teh\u00e1t nem a diagn\u00f3zisr\u00f3l vagy a f\u00e9lelemr\u0151l sz\u00f3l. A test ismeret\u00e9r\u0151l van sz\u00f3 - annak felismer\u00e9s\u00e9r\u0151l, hogy a szerkezet, a funkci\u00f3, a fascia, az idegrendszeri reakci\u00f3k \u00e9s a meg\u00e9lt tapasztalatok hogyan hatnak egym\u00e1sra.<\/p>\t\t\t\t\t\t\t\t<\/div>\n\t\t\t\t<\/div>\n\t\t\t\t\t<\/div>\n\t\t<\/div>\n\t\t\t\t\t<\/div>\n\t\t<\/section>\n\t\t\t\t<section class=\"elementor-section elementor-top-section elementor-element elementor-element-2652c258 elementor-section-boxed elementor-section-height-default elementor-section-height-default\" data-id=\"2652c258\" data-element_type=\"section\" data-e-type=\"section\" data-settings=\"{&quot;jet_parallax_layout_list&quot;:[]}\">\n\t\t\t\t\t\t<div class=\"elementor-container elementor-column-gap-default\">\n\t\t\t\t\t<div class=\"elementor-column elementor-col-100 elementor-top-column elementor-element elementor-element-6d1307b9\" data-id=\"6d1307b9\" data-element_type=\"column\" data-e-type=\"column\">\n\t\t\t<div class=\"elementor-widget-wrap elementor-element-populated\">\n\t\t\t\t\t\t<div class=\"elementor-element elementor-element-19c4e2d1 elementor-widget elementor-widget-heading\" data-id=\"19c4e2d1\" data-element_type=\"widget\" data-e-type=\"widget\" data-widget_type=\"heading.default\">\n\t\t\t\t<div class=\"elementor-widget-container\">\n\t\t\t\t\t<h2 class=\"elementor-heading-title elementor-size-default\">Mi a medencefen\u00e9k?<\/h2>\t\t\t\t<\/div>\n\t\t\t\t<\/div>\n\t\t\t\t<div class=\"elementor-element elementor-element-5a233357 elementor-widget elementor-widget-text-editor\" data-id=\"5a233357\" data-element_type=\"widget\" data-e-type=\"widget\" data-widget_type=\"text-editor.default\">\n\t\t\t\t<div class=\"elementor-widget-container\">\n\t\t\t\t\t\t\t\t\t<p>Ha azt k\u00e9rdezi, hogy <em>mi a medencefen\u00e9k<\/em>, a v\u00e1lasz egyszerre egyszer\u0171 \u00e9s l\u00e9nyeges.<\/p><p>\u00a0<\/p><p><strong>A medencefen\u00e9k az izmok \u00e9s a k\u00f6t\u0151sz\u00f6vetek egy csoportja.<\/strong> amelyek a medence alj\u00e1n t\u00e1maszt\u00f3 hevedert alkotnak. Ezek a medencefen\u00e9ki izmok tartj\u00e1k \u00e9s t\u00e1mogatj\u00e1k a h\u00fagyh\u00f3lyagot, a beleket \u00e9s a nemi szerveket, mik\u00f6zben szerepet j\u00e1tszanak a mozg\u00e1sban, a nyom\u00e1sszab\u00e1lyoz\u00e1sban \u00e9s a szexu\u00e1lis funkci\u00f3kban is.<\/p><p>\u00a0<\/p><p>A medencefen\u00e9k k\u00e9p\u00e9t \u00fagy k\u00e9pzelj\u00fck el, mint egy f\u00fcgg\u0151\u00e1gyat vagy hevedert, amely a medence alj\u00e1ra van kifesz\u00edtve. El\u00e9g er\u0151snek kell lennie ahhoz, hogy elb\u00edrja a s\u00falyt \u00e9s a nyom\u00e1st, ugyanakkor el\u00e9g rugalmasnak kell lennie ahhoz, hogy ellazuljon, megny\u00faljon \u00e9s reag\u00e1ljon a l\u00e9gz\u00e9sre.<\/p>\t\t\t\t\t\t\t\t<\/div>\n\t\t\t\t<\/div>\n\t\t\t\t<div class=\"elementor-element elementor-element-4076afba elementor-widget elementor-widget-heading\" data-id=\"4076afba\" data-element_type=\"widget\" data-e-type=\"widget\" data-widget_type=\"heading.default\">\n\t\t\t\t<div class=\"elementor-widget-container\">\n\t\t\t\t\t<h2 class=\"elementor-heading-title elementor-size-default\"><a href=\"https:\/\/teachmeanatomy.info\/pelvis\/muscles\/pelvic-floor\/\"><u><b>Hol tal\u00e1lhat\u00f3 a medencefen\u00e9k?<\/b><\/u><\/a><\/h2>\t\t\t\t<\/div>\n\t\t\t\t<\/div>\n\t\t\t\t<div class=\"elementor-element elementor-element-37dd4c7e elementor-widget elementor-widget-text-editor\" data-id=\"37dd4c7e\" data-element_type=\"widget\" data-e-type=\"widget\" data-widget_type=\"text-editor.default\">\n\t\t\t\t<div class=\"elementor-widget-container\">\n\t\t\t\t\t\t\t\t\t<p>Sokan csod\u00e1lkoznak, <em>hol van a medencefen\u00e9k<\/em> Pontosan?<\/p><p>\u00a0<\/p><p>A medencefen\u00e9k tal\u00e1lhat\u00f3:<\/p><ul><li>A szem\u00e9remcsont k\u00f6z\u00f6tt el\u00f6l<\/li><li>\u00c9s a farokcsont (coccyx) h\u00e1tul.<\/li><li>Az \u00fcl\u0151csontok k\u00f6z\u00f6tt \u00e1tny\u00falva egyik oldalr\u00f3l a m\u00e1sikra.<\/li><\/ul><p>A h\u00fagyh\u00f3lyag \u00e9s a b\u00e9l alatt helyezkedik el, n\u0151kn\u00e9l a m\u00e9het \u00e9s a h\u00fcvelyt, f\u00e9rfiakn\u00e1l a h\u00fagyh\u00f3lyagot \u00e9s a prosztat\u00e1t t\u00e1mogatja.<\/p><p>\u00a0<\/p><p><strong>A medencefen\u00e9k<\/strong> szint\u00e9n r\u00e9sze a core izomrendszernek, egy\u00fctt dolgozik a k\u00f6vetkez\u0151kkel:<\/p><ul><li>A membr\u00e1n<\/li><li>A m\u00e9ly hasizmok<\/li><li>A h\u00e1t als\u00f3 r\u00e9sz\u00e9nek izmai<\/li><\/ul><p>Ez a kapcsolat megmagyar\u00e1zza, hogy a l\u00e9gz\u00e9si mint\u00e1k, a testtart\u00e1s \u00e9s a stressz mi\u00e9rt befoly\u00e1solhatj\u00e1k k\u00f6zvetlen\u00fcl a medencefen\u00e9k m\u0171k\u00f6d\u00e9s\u00e9t.<\/p>\t\t\t\t\t\t\t\t<\/div>\n\t\t\t\t<\/div>\n\t\t\t\t<div class=\"elementor-element elementor-element-69135bfb elementor-widget elementor-widget-heading\" data-id=\"69135bfb\" data-element_type=\"widget\" data-e-type=\"widget\" data-widget_type=\"heading.default\">\n\t\t\t\t<div class=\"elementor-widget-container\">\n\t\t\t\t\t<h2 class=\"elementor-heading-title elementor-size-default\">A medencefen\u00e9k anat\u00f3mi\u00e1j\u00e1nak magyar\u00e1zata <\/h2>\t\t\t\t<\/div>\n\t\t\t\t<\/div>\n\t\t\t\t<div class=\"elementor-element elementor-element-5386d677 elementor-widget elementor-widget-text-editor\" data-id=\"5386d677\" data-element_type=\"widget\" data-e-type=\"widget\" data-widget_type=\"text-editor.default\">\n\t\t\t\t<div class=\"elementor-widget-container\">\n\t\t\t\t\t\t\t\t\t<p>A <strong>medencefen\u00e9k<\/strong> t\u00f6bb izomb\u00f3l \u00e1ll, amelyek egy\u00fcttesen, mint egy t\u00e1mogat\u00f3 heveder m\u0171k\u00f6dnek. A <strong>levator ani izomcsoport<\/strong> alkotja a f\u0151 tart\u00f3szerkezetet, \u00e9s a k\u00f6vetkez\u0151ket tartalmazza:<\/p><ul><li><strong>Puborectalis:<\/strong> seg\u00edt a b\u00e9lmozg\u00e1s szab\u00e1lyoz\u00e1s\u00e1ban \u00e9s t\u00e1mogatja a v\u00e9gbelet<\/li><li><strong>Pubococcygeus:<\/strong> t\u00e1mogatja a kismedencei szerveket, \u00e9s szerepet j\u00e1tszik a kontinenci\u00e1ban \u00e9s a szexu\u00e1lis funkci\u00f3ban.<\/li><li><strong>Iliococcygeus:<\/strong> felemeli \u00e9s stabiliz\u00e1lja a medencefeneket<\/li><\/ul><p>Ezek m\u00f6g\u00f6tt \u00fcl a <strong>farizom<\/strong>, amely al\u00e1t\u00e1masztja a farokcsont ter\u00fclet\u00e9t \u00e9s seg\u00edt stabiliz\u00e1lni a medenc\u00e9t. Ezek az izmok egy\u00fcttesen koordin\u00e1lj\u00e1k a szervek al\u00e1t\u00e1maszt\u00e1s\u00e1t, a nyom\u00e1sszab\u00e1lyoz\u00e1st \u00e9s a mozg\u00e1shoz val\u00f3 alkalmazkod\u00e1st.<\/p><p>Az \u00fcgyf\u00e9l ig\u00e9nyei \u00e9s c\u00e9ljai alapj\u00e1n az \u00fcgyf\u00e9lk\u00f6zpont\u00fa coaching olyan t\u00e1mogat\u00f3 k\u00f6rnyezetet teremt, amelyben <strong>az \u00fcgyfeleket akt\u00edv szerepv\u00e1llal\u00e1sra \u00f6szt\u00f6nzik<\/strong> a biofeedback-k\u00e9pz\u00e9s\u00fckben. A biofeedback protokollok \u00f6sszehangol\u00e1sa az \u00fcgyf\u00e9l konkr\u00e9t c\u00e9ljaival relev\u00e1nsabb\u00e1 \u00e9s motiv\u00e1l\u00f3bb\u00e1 teszi a tr\u00e9ninget.<\/p>\t\t\t\t\t\t\t\t<\/div>\n\t\t\t\t<\/div>\n\t\t\t\t<div class=\"elementor-element elementor-element-7d6be1e7 elementor-widget elementor-widget-heading\" data-id=\"7d6be1e7\" data-element_type=\"widget\" data-e-type=\"widget\" data-widget_type=\"heading.default\">\n\t\t\t\t<div class=\"elementor-widget-container\">\n\t\t\t\t\t<h2 class=\"elementor-heading-title elementor-size-default\">N\u0151i medencefen\u00e9k-izmok <\/h2>\t\t\t\t<\/div>\n\t\t\t\t<\/div>\n\t\t\t\t<div class=\"elementor-element elementor-element-4ac761a1 elementor-widget elementor-widget-text-editor\" data-id=\"4ac761a1\" data-element_type=\"widget\" data-e-type=\"widget\" data-widget_type=\"text-editor.default\">\n\t\t\t\t<div class=\"elementor-widget-container\">\n\t\t\t\t\t\t\t\t\t<p>A <strong>medencefen\u00e9k izmok n\u0151i anat\u00f3mia<\/strong> t\u00e1mogatja:<\/p><ul><li>A h\u00f3lyag<\/li><li>A m\u00e9h<\/li><li>A h\u00fcvely<\/li><li>A b\u00e9l<\/li><\/ul><p><strong>Terhess\u00e9g \u00e9s sz\u00fcl\u00e9s<\/strong> jelent\u0151s ig\u00e9nybev\u00e9telt jelentenek a medencefen\u00e9kre. A hormon\u00e1lis v\u00e1ltoz\u00e1sok felpuh\u00edtj\u00e1k a k\u00f6t\u0151sz\u00f6vetet, m\u00edg a n\u00f6vekv\u0151 s\u00faly \u00e9s nyom\u00e1s kih\u00edv\u00e1st jelent az izomkoordin\u00e1ci\u00f3 sz\u00e1m\u00e1ra. A n\u0151kn\u00e9l a medencefen\u00e9k eg\u00e9szs\u00e9g\u00e9t befoly\u00e1sol\u00f3 t\u00e9nyez\u0151k k\u00f6z\u00e9 tartoznak:<\/p><ul><li>H\u00fcvelyi sz\u00fcl\u00e9s vagy cs\u00e1sz\u00e1rmetsz\u00e9s<\/li><li>Domborulati trauma<\/li><li>Ism\u00e9telt terhess\u00e9gek<\/li><li>Menopauz\u00e1val kapcsolatos hormon\u00e1lis v\u00e1ltoz\u00e1sok<\/li><\/ul><p>A tudatoss\u00e1g elengedhetetlen. A n\u0151i medencefen\u00e9k eg\u00e9szs\u00e9ge nemcsak az izmok er\u0151s\u00edt\u00e9s\u00e9r\u0151l sz\u00f3l, hanem arr\u00f3l is, hogy megtanuljuk, hogyan kell koordin\u00e1lni, ellazulni \u00e9s reag\u00e1lni a napi ig\u00e9nyekre.<\/p>\t\t\t\t\t\t\t\t<\/div>\n\t\t\t\t<\/div>\n\t\t\t\t<div class=\"elementor-element elementor-element-714e5d7b elementor-widget elementor-widget-heading\" data-id=\"714e5d7b\" data-element_type=\"widget\" data-e-type=\"widget\" data-widget_type=\"heading.default\">\n\t\t\t\t<div class=\"elementor-widget-container\">\n\t\t\t\t\t<h2 class=\"elementor-heading-title elementor-size-default\">A medencefen\u00e9k izmai f\u00e9rfiakn\u00e1l <\/h2>\t\t\t\t<\/div>\n\t\t\t\t<\/div>\n\t\t\t\t<div class=\"elementor-element elementor-element-7182bc33 elementor-widget elementor-widget-text-editor\" data-id=\"7182bc33\" data-element_type=\"widget\" data-e-type=\"widget\" data-widget_type=\"text-editor.default\">\n\t\t\t\t<div class=\"elementor-widget-container\">\n\t\t\t\t\t\t\t\t\t<p>F\u00e9rfiakn\u00e1l a medencefen\u00e9k izmai:<\/p><ul><li>A h\u00f3lyag \u00e9s a prosztata t\u00e1mogat\u00e1sa<\/li><li>Hozz\u00e1j\u00e1rul a vizelet- \u00e9s b\u00e9lszab\u00e1lyoz\u00e1shoz<\/li><li>Szerepet j\u00e1tszik a mereved\u00e9si funkci\u00f3ban \u00e9s az ejakul\u00e1ci\u00f3ban.<\/li><\/ul><p><strong>Kismedencei probl\u00e9m\u00e1k<\/strong> f\u00e9rfiakn\u00e1l prosztatam\u0171t\u00e9t, hosszan tart\u00f3 \u00fcl\u00e9s, kr\u00f3nikus er\u0151lk\u00f6d\u00e9s vagy hossz\u00fa t\u00e1v\u00fa stressz ut\u00e1n alakulhat ki. Mivel ezekr\u0151l az aggodalmakr\u00f3l gyakran keveset besz\u00e9lnek, sok f\u00e9rfi k\u00e9slekedik azzal, hogy \u00fatmutat\u00e1st vagy felvil\u00e1gos\u00edt\u00e1st k\u00e9rjen.<\/p>\t\t\t\t\t\t\t\t<\/div>\n\t\t\t\t<\/div>\n\t\t\t\t<div class=\"elementor-element elementor-element-60081ec elementor-widget elementor-widget-heading\" data-id=\"60081ec\" data-element_type=\"widget\" data-e-type=\"widget\" data-widget_type=\"heading.default\">\n\t\t\t\t<div class=\"elementor-widget-container\">\n\t\t\t\t\t<h2 class=\"elementor-heading-title elementor-size-default\"><a href=\"https:\/\/www.thewomens.org.au\/health-information\/pregnancy-and-birth\/a-healthy-pregnancy\/the-pelvic-floor\"><u><b>Mit csin\u00e1lnak a medencefen\u00e9k izmai? <\/b><\/u><\/a><\/h2>\t\t\t\t<\/div>\n\t\t\t\t<\/div>\n\t\t\t\t<div class=\"elementor-element elementor-element-5e8c003d elementor-widget elementor-widget-text-editor\" data-id=\"5e8c003d\" data-element_type=\"widget\" data-e-type=\"widget\" data-widget_type=\"text-editor.default\">\n\t\t\t\t<div class=\"elementor-widget-container\">\n\t\t\t\t\t\t\t\t\t<p><strong>A medencefen\u00e9k izmai<\/strong>- bele\u00e9rtve a PC-izmot (pubococcygeus) - sz\u00e1mos alapvet\u0151 funkci\u00f3t l\u00e1tnak el:<\/p><ul><li><strong>Kontinencia:<\/strong> a vizelet \u00e9s a sz\u00e9klet kibocs\u00e1t\u00e1s\u00e1nak szab\u00e1lyoz\u00e1sa<\/li><li><strong>Nyom\u00e1sszab\u00e1lyoz\u00e1s:<\/strong> k\u00f6h\u00f6g\u00e9sre, t\u00fcssz\u00f6g\u00e9sre, emel\u00e9sre vagy testmozg\u00e1sra reag\u00e1lva<\/li><li><strong>Szexu\u00e1lis funkci\u00f3:<\/strong> hozz\u00e1j\u00e1rul az \u00e9rz\u00e9kel\u00e9shez, az izgalomhoz \u00e9s a reakci\u00f3k\u00e9szs\u00e9ghez.<\/li><li><strong>Testtart\u00e1s t\u00e1mogat\u00e1sa:<\/strong> a medence \u00e9s a gerinc stabiliz\u00e1l\u00e1sa<\/li><\/ul><p><strong>Az eg\u00e9szs\u00e9ges medencefen\u00e9k izmai alkalmazkod\u00f3k\u00e9pesek<\/strong>-k\u00e9pes \u00f6sszeh\u00faz\u00f3dni \u00e9s ellazulni is sz\u00fcks\u00e9g szerint. Probl\u00e9m\u00e1kat okozhat a gyenges\u00e9g, a t\u00falzott fesz\u00fclts\u00e9g, a rossz koordin\u00e1ci\u00f3 vagy a megv\u00e1ltozott idegrendszeri szab\u00e1lyoz\u00e1s.<\/p><p>\u00a0<\/p><p><strong>Gyakori kismedencei probl\u00e9m\u00e1k az \u00e9let sor\u00e1n<\/strong><\/p><p>\u00a0<\/p><p><strong>Kismedencei padl\u00f3<\/strong> az aggodalmak k\u00f6z\u00e9 tartozhatnak:<\/p><ul><li>Vizeletsziv\u00e1rg\u00e1s (stressz inkontinencia) vagy s\u00fcrg\u0151ss\u00e9g<\/li><li>B\u00e9lsziv\u00e1rg\u00e1s, sz\u00e9kreked\u00e9s vagy neh\u00e9zkes \u00fcr\u00edt\u00e9s.<\/li><li>Kismedencei f\u00e1jdalom, farokcsont kellemetlens\u00e9g vagy nyom\u00e1s\u00e9rz\u00e9s<\/li><li>Neh\u00e9zs\u00e9gek a medencefen\u00e9k izmainak ellaz\u00edt\u00e1s\u00e1ban (fesz\u00fcl\u00e9s, \u00f6sszeszor\u00edt\u00e1s, g\u00f6rcs\u00f6k)<\/li><li>F\u00e1jdalom az intimit\u00e1s sor\u00e1n<\/li><li>Neh\u00e9zs\u00e9g, vonszol\u00e1s vagy \u201cvalami leesik\u201d \u00e9rz\u00e9se.\u201d<\/li><\/ul>\t\t\t\t\t\t\t\t<\/div>\n\t\t\t\t<\/div>\n\t\t\t\t<div class=\"elementor-element elementor-element-9dd2c04 elementor-widget elementor-widget-heading\" data-id=\"9dd2c04\" data-element_type=\"widget\" data-e-type=\"widget\" data-widget_type=\"heading.default\">\n\t\t\t\t<div class=\"elementor-widget-container\">\n\t\t\t\t\t<h2 class=\"elementor-heading-title elementor-size-default\">Kismedencei szervi prolapsus (POP) <\/h2>\t\t\t\t<\/div>\n\t\t\t\t<\/div>\n\t\t\t\t<div class=\"elementor-element elementor-element-6383e18e elementor-widget elementor-widget-text-editor\" data-id=\"6383e18e\" data-element_type=\"widget\" data-e-type=\"widget\" data-widget_type=\"text-editor.default\">\n\t\t\t\t<div class=\"elementor-widget-container\">\n\t\t\t\t\t\t\t\t\t<p>Egy m\u00e1sik gyakori - de gyakran nem kell\u0151en megvitatott - medencefen\u00e9k probl\u00e9ma a kismedencei szervprolapsus (POP). A prolapsus akkor k\u00f6vetkezik be, amikor egy vagy t\u00f6bb kismedencei szerv lefel\u00e9 tol\u00f3dik, mert a medencefen\u00e9k izmai \u00e9s a k\u00f6rnyez\u0151 k\u00f6t\u0151sz\u00f6vetek nem ny\u00fajtanak elegend\u0151 t\u00e1maszt.<\/p><p>\u00a0<\/p><p>B\u00e1r a terhess\u00e9g \u00e9s a h\u00fcvelyi sz\u00fcl\u00e9s j\u00f3l ismert kock\u00e1zati t\u00e9nyez\u0151k, a kismedencei szervi prolapsus olyan n\u0151kn\u00e9l is el\u0151fordulhat, akik soha nem voltak terhesek vagy nem sz\u00fcltek. A prolapsus kock\u00e1zat\u00e1t t\u00f6bb t\u00e9nyez\u0151 befoly\u00e1solja, bele\u00e9rtve a k\u00f6t\u0151sz\u00f6vet er\u0151ss\u00e9g\u00e9t, a genetik\u00e1t, a hormon\u00e1lis v\u00e1ltoz\u00e1sokat, a has \u00e9s a medence hossz\u00fa t\u00e1v\u00fa nyom\u00e1smint\u00e1it.<\/p><p>\u00a0<\/p><p><strong>A kismedencei szervi prolapsus mag\u00e1ban foglalhatja:<\/strong><\/p><ul><li>A h\u00f3lyag (cisztocele)<\/li><li>A m\u00e9h (m\u00e9hprolapsus)<\/li><li>A v\u00e9gb\u00e9l (rectocele)<\/li><li>A h\u00fcvelyboltozat (m\u00e9helt\u00e1vol\u00edt\u00e1son \u00e1tesett egy\u00e9nekn\u00e9l)<\/li><\/ul><p>Klinikailag a prolapsust gyakran n\u00e9gy st\u00e1diumban (I-IV. st\u00e1dium) \u00edrj\u00e1k le, aszerint, hogy a szerv mennyire s\u00fcllyed le. A st\u00e1diumok az enyhe s\u00fcllyed\u00e9st\u0151l, amely kev\u00e9s vagy semmilyen kellemetlens\u00e9get nem okoz, az el\u0151rehaladottabb prolapsusig terjednek, ahol a t\u00fcnetek jobban \u00e9szrevehet\u0151ek. K\u00fcl\u00f6nb\u00f6z\u0151 \u00e9rt\u00e9kel\u00e9si rendszerek l\u00e9teznek, de a klinikai gyakorlatban sz\u00e9les k\u00f6rben haszn\u00e1lj\u00e1k az I-IV. st\u00e1dium keretrendszert.<\/p>\t\t\t\t\t\t\t\t<\/div>\n\t\t\t\t<\/div>\n\t\t\t\t<div class=\"elementor-element elementor-element-4700ffa3 elementor-widget elementor-widget-heading\" data-id=\"4700ffa3\" data-element_type=\"widget\" data-e-type=\"widget\" data-widget_type=\"heading.default\">\n\t\t\t\t<div class=\"elementor-widget-container\">\n\t\t\t\t\t<h2 class=\"elementor-heading-title elementor-size-default\">A prolapsus gyakori t\u00fcnetei a k\u00f6vetkez\u0151k lehetnek: <\/h2>\t\t\t\t<\/div>\n\t\t\t\t<\/div>\n\t\t\t\t<div class=\"elementor-element elementor-element-609a54e3 elementor-widget elementor-widget-text-editor\" data-id=\"609a54e3\" data-element_type=\"widget\" data-e-type=\"widget\" data-widget_type=\"text-editor.default\">\n\t\t\t\t<div class=\"elementor-widget-container\">\n\t\t\t\t\t\t\t\t\t<ul><li>Neh\u00e9zs\u00e9g- vagy nyom\u00e1s\u00e9rz\u00e9s, amely \u00e1ll\u00e1st, testmozg\u00e1st vagy emel\u00e9st k\u00f6vet\u0151en rosszabbodik.<\/li><li>Dudor \u00e9rz\u00e9s a h\u00fcvelyben, vagy a h\u00fcvelyny\u00edl\u00e1sn\u00e1l vagy annak k\u00f6zel\u00e9ben l\u00e9v\u0151 sz\u00f6vet \u00e9rz\u00e9se.<\/li><li>Kellemetlens\u00e9g vagy f\u00e1jdalom az intimit\u00e1s sor\u00e1n<\/li><li>Tompa f\u00e1jdalom a medenc\u00e9ben vagy a h\u00e1t als\u00f3 r\u00e9sz\u00e9ben<\/li><li>A h\u00f3lyag- vagy b\u00e9lm\u0171k\u00f6d\u00e9s v\u00e1ltoz\u00e1sai, p\u00e9ld\u00e1ul sziv\u00e1rg\u00e1s, s\u00fcrg\u0151ss\u00e9g vagy hi\u00e1nyos \u00fcr\u00edt\u00e9s.<\/li><\/ul>\t\t\t\t\t\t\t\t<\/div>\n\t\t\t\t<\/div>\n\t\t\t\t<div class=\"elementor-element elementor-element-427d2d96 elementor-widget elementor-widget-heading\" data-id=\"427d2d96\" data-element_type=\"widget\" data-e-type=\"widget\" data-widget_type=\"heading.default\">\n\t\t\t\t<div class=\"elementor-widget-container\">\n\t\t\t\t\t<h2 class=\"elementor-heading-title elementor-size-default\">A hozz\u00e1j\u00e1rul\u00f3 t\u00e9nyez\u0151k k\u00f6z\u00e9 tartozhatnak:<\/h2>\t\t\t\t<\/div>\n\t\t\t\t<\/div>\n\t\t\t\t<div class=\"elementor-element elementor-element-67ba719b elementor-widget elementor-widget-text-editor\" data-id=\"67ba719b\" data-element_type=\"widget\" data-e-type=\"widget\" data-widget_type=\"text-editor.default\">\n\t\t\t\t<div class=\"elementor-widget-container\">\n\t\t\t\t\t\t\t\t\t<ul><li>Terhess\u00e9g \u00e9s h\u00fcvelyi sz\u00fcl\u00e9s<\/li><li>Menopauz\u00e1val kapcsolatos sz\u00f6veti \u00e9s hormon\u00e1lis v\u00e1ltoz\u00e1sok<\/li><li>Kr\u00f3nikus sz\u00e9kreked\u00e9s vagy ism\u00e9telt er\u0151lk\u00f6d\u00e9s<\/li><li>Ism\u00e9telt neh\u00e9z emel\u00e9s vagy nagy terhel\u00e9s megfelel\u0151 regener\u00e1l\u00f3d\u00e1s n\u00e9lk\u00fcl<\/li><li>Hossz\u00fa t\u00e1v\u00fa k\u00f6h\u00f6g\u00e9s vagy olyan \u00e1llapotok, amelyek n\u00f6velik a hasi nyom\u00e1st<\/li><li>Kor\u00e1bbi kismedencei m\u0171t\u00e9t<\/li><li>Genetikai vagy k\u00f6t\u0151sz\u00f6veti fog\u00e9konys\u00e1g<\/li><\/ul><p>Fontos, hogy a prolapsus egy spektrumon bel\u00fcl l\u00e9tezik, \u00e9s sok embernek j\u00f3t tesz a korai felismer\u00e9s \u00e9s a szakmai \u00fatmutat\u00e1s. A nyom\u00e1skezel\u00e9s, a l\u00e9gz\u00e9s \u00e9s a mozg\u00e1s \u00f6sszehangol\u00e1sa, valamint a medencefen\u00e9k m\u0171k\u00f6d\u00e9s\u00e9nek t\u00e1mogat\u00e1sa a st\u00e1diumt\u00f3l \u00e9s az \u00e9lett\u00f6rt\u00e9nett\u0151l f\u00fcggetlen\u00fcl hasznos lehet.<\/p>\t\t\t\t\t\t\t\t<\/div>\n\t\t\t\t<\/div>\n\t\t\t\t<div class=\"elementor-element elementor-element-625021a2 elementor-widget elementor-widget-heading\" data-id=\"625021a2\" data-element_type=\"widget\" data-e-type=\"widget\" data-widget_type=\"heading.default\">\n\t\t\t\t<div class=\"elementor-widget-container\">\n\t\t\t\t\t<h2 class=\"elementor-heading-title elementor-size-default\">Nem mindig \u201cgyenge\u201d - hipert\u00f3ni\u00e1s kismedencei talajmint\u00e1k<\/h2>\t\t\t\t<\/div>\n\t\t\t\t<\/div>\n\t\t\t\t<div class=\"elementor-element elementor-element-19efd84d elementor-widget elementor-widget-text-editor\" data-id=\"19efd84d\" data-element_type=\"widget\" data-e-type=\"widget\" data-widget_type=\"text-editor.default\">\n\t\t\t\t<div class=\"elementor-widget-container\">\n\t\t\t\t\t\t\t\t\t<p>A medencefen\u00e9k probl\u00e9m\u00e1it nem csak a gyenge izmok okozz\u00e1k. Sok ember - k\u00fcl\u00f6n\u00f6sen azok, akik kr\u00f3nikus stresszel, f\u00e1jdalommal vagy v\u00e9dekez\u0151 tart\u00e1smint\u00e1kkal k\u00fczdenek - hipert\u00f3ni\u00e1s (t\u00falm\u0171k\u00f6d\u0151 \/ magas fesz\u00fclts\u00e9g\u0171) medencefen\u00e9kkel k\u00fczd, ahol az izmok feszesek, megr\u00f6vid\u00fcltek \u00e9s nehezen lazulnak el.<\/p><p>\u00a0<\/p><p><strong>A hipert\u00f3ni\u00e1s medencefen\u00e9khez t\u00e1rsulhat:<\/strong><\/p><ul><li>Kismedencei f\u00e1jdalom vagy \u00e9g\u0151 \u00e9rz\u00e9s<\/li><li>F\u00e1jdalom az intimit\u00e1s sor\u00e1n<\/li><li>Sz\u00e9kreked\u00e9s vagy vizel\u00e9si neh\u00e9zs\u00e9g<\/li><li>Nyom\u00e1s\u00e9rz\u00e9s, amely ut\u00e1nozhatja a prolapsus \u00e9rz\u00e9s\u00e9t.<\/li><li>Als\u00f3 h\u00e1t-, cs\u00edp\u0151- vagy farokcsontpanaszok<\/li><\/ul><p>Ez\u00e9rt a medencefen\u00e9k eg\u00e9szs\u00e9g\u00e9t legink\u00e1bb koordin\u00e1ci\u00f3k\u00e9nt \u00e9s alkalmazkod\u00f3k\u00e9pess\u00e9gk\u00e9nt, nem pedig egyszer\u0171en \u201cer\u0151s\u00edt\u00e9sk\u00e9nt\u201d kell \u00e9rtelmezni. Egyesek sz\u00e1m\u00e1ra a t\u00e1masz ki\u00e9p\u00edt\u00e9se a priorit\u00e1s; m\u00e1sok sz\u00e1m\u00e1ra a relax\u00e1ci\u00f3, a l\u00e9gz\u00e9skoordin\u00e1ci\u00f3 \u00e9s az idegrendszeri visszav\u00e1lt\u00e1s megtanul\u00e1sa.<\/p>\t\t\t\t\t\t\t\t<\/div>\n\t\t\t\t<\/div>\n\t\t\t\t<div class=\"elementor-element elementor-element-455b74c4 elementor-widget elementor-widget-heading\" data-id=\"455b74c4\" data-element_type=\"widget\" data-e-type=\"widget\" data-widget_type=\"heading.default\">\n\t\t\t\t<div class=\"elementor-widget-container\">\n\t\t\t\t\t<h2 class=\"elementor-heading-title elementor-size-default\">Terhess\u00e9g, sz\u00fcl\u00e9s \u00e9s medencefen\u00e9k megel\u0151z\u00e9s <\/h2>\t\t\t\t<\/div>\n\t\t\t\t<\/div>\n\t\t\t\t<div class=\"elementor-element elementor-element-54c1f2b5 elementor-widget elementor-widget-text-editor\" data-id=\"54c1f2b5\" data-element_type=\"widget\" data-e-type=\"widget\" data-widget_type=\"text-editor.default\">\n\t\t\t\t<div class=\"elementor-widget-container\">\n\t\t\t\t\t\t\t\t\t<p><strong>A terhess\u00e9g az egyik legjelent\u0151sebb \u00e9letesem\u00e9ny.<\/strong> a medencefen\u00e9kre gyakorolt hat\u00e1s. A terhess\u00e9g el\u0151tti \u00e9s alatti megel\u0151z\u0151 oktat\u00e1s cs\u00f6kkentheti a hossz\u00fa t\u00e1v\u00fa terhel\u00e9st.<\/p><p>\u00a0<\/p><p>Sok n\u0151 hallja a sz\u00fcl\u00e9s ut\u00e1n a \u201cvisszapattan\u00e1s\u201d kifejez\u00e9st. Az igazs\u00e1g azonban az, hogy a test bels\u0151leg nem mindig t\u00e9r vissza teljesen a terhess\u00e9g el\u0151tti \u00e1llapot\u00e1ba - \u00e9s ez norm\u00e1lis. A terhess\u00e9g \u00e9s a sz\u00fcl\u00e9s megv\u00e1ltoztathatja a k\u00f6t\u0151sz\u00f6vetet, a nyom\u00e1s dinamik\u00e1j\u00e1t, az izomkoordin\u00e1ci\u00f3t \u00e9s azt, ahogyan a medencefen\u00e9k a terhel\u00e9sre reag\u00e1l. A fel\u00e9p\u00fcl\u00e9s val\u00f3s, \u00e9s a javul\u00e1s lehets\u00e9ges, de ez gyakran a funkci\u00f3k \u00e9s a rugalmass\u00e1g \u00fajj\u00e1\u00e9p\u00edt\u00e9s\u00e9nek folyamata, nem pedig egyszer\u0171en \u201cvisszamegy\u201d.\u201d<\/p><p>\u00a0<\/p><p>Sajnos a sz\u00fcl\u00e9s ut\u00e1ni kult\u00fara gyakran nagyobb hangs\u00falyt fektet a k\u00fcls\u0151 megjelen\u00e9sre, mint a bels\u0151 eg\u00e9szs\u00e9gre, pedig a bels\u0151 helyre\u00e1ll\u00edt\u00e1s (l\u00e9gz\u00e9si mint\u00e1k, medencefen\u00e9k koordin\u00e1ci\u00f3, t\u00f6rzsi t\u00e1mogat\u00e1s, sz\u00f6vetek gy\u00f3gyul\u00e1sa, pihen\u00e9s \u00e9s fokozatos er\u0151s\u00edt\u00e9s) az, ami legink\u00e1bb v\u00e9di a hossz\u00fa t\u00e1v\u00fa j\u00f3l\u00e9tet.<\/p><p>\u00a0<\/p><p><strong>A legfontosabb megel\u0151z\u00e9si koncepci\u00f3k a k\u00f6vetkez\u0151k:<\/strong><\/p><ul><li>A l\u00e9gz\u00e9s \u00e9s a mozg\u00e1s \u00f6sszehangol\u00e1sa (a nyom\u00e1s kezel\u00e9se)<\/li><li>A megszokott er\u0151lk\u00f6d\u00e9s elker\u00fcl\u00e9se (k\u00fcl\u00f6n\u00f6sen sz\u00e9kreked\u00e9s eset\u00e9n)<\/li><li>Megfelel\u0151 sz\u00fcl\u00e9s ut\u00e1ni fel\u00e9p\u00fcl\u00e9si id\u0151 biztos\u00edt\u00e1sa<\/li><li>Fokozatos visszat\u00e9r\u00e9s a fizikai aktivit\u00e1shoz, k\u00fcl\u00f6n\u00f6sen az \u00fct\u00e9sekhez \u00e9s az emel\u00e9shez.<\/li><\/ul><p>A korai medencefen\u00e9k-tudatoss\u00e1g seg\u00edt a n\u0151knek felismerni a mint\u00e1kat, miel\u0151tt a t\u00fcnetek megr\u00f6gz\u00f6tt\u00e9 v\u00e1ln\u00e1nak, \u00e9s t\u00e1mogatja a sz\u00fcl\u00e9s ut\u00e1ni gondolkod\u00e1sm\u00f3dot, amelynek k\u00f6z\u00e9ppontj\u00e1ban a funkci\u00f3, a stabilit\u00e1s \u00e9s a hossz\u00fa t\u00e1v\u00fa eg\u00e9szs\u00e9g \u00e1ll, nem pedig az irre\u00e1lis hat\u00e1rid\u0151k.<\/p>\t\t\t\t\t\t\t\t<\/div>\n\t\t\t\t<\/div>\n\t\t\t\t<div class=\"elementor-element elementor-element-72aa17be elementor-widget elementor-widget-heading\" data-id=\"72aa17be\" data-element_type=\"widget\" data-e-type=\"widget\" data-widget_type=\"heading.default\">\n\t\t\t\t<div class=\"elementor-widget-container\">\n\t\t\t\t\t<h2 class=\"elementor-heading-title elementor-size-default\">Stressz, az idegrendszer \u00e9s a medencefen\u00e9k <\/h2>\t\t\t\t<\/div>\n\t\t\t\t<\/div>\n\t\t\t\t<div class=\"elementor-element elementor-element-5988c08a elementor-widget elementor-widget-text-editor\" data-id=\"5988c08a\" data-element_type=\"widget\" data-e-type=\"widget\" data-widget_type=\"text-editor.default\">\n\t\t\t\t<div class=\"elementor-widget-container\">\n\t\t\t\t\t\t\t\t\t<p>A medencefen\u00e9k szorosan kapcsol\u00f3dik a <a href=\"https:\/\/www.qxworld.eu\/blog\/nervous-system-regulation-how-to-calm-rebalance-your-body\/\"><b><u>idegrendszer<\/u><\/b><\/a>. A kr\u00f3nikus stressz a k\u00f6vetkez\u0151kh\u00f6z vezethet:<\/p><ul><li>Fokozott alapszint\u0171 izomfesz\u00fclts\u00e9g<\/li><li>A relax\u00e1ci\u00f3 cs\u00f6kkent tudatoss\u00e1ga<\/li><li>Zavart koordin\u00e1ci\u00f3 a l\u00e9gz\u00e9ssel<\/li><\/ul><p>Ez az oka annak, hogy a medencefen\u00e9ki t\u00fcnetek gyakran egy\u00fctt j\u00e1rnak szorong\u00e1ssal, traum\u00e1s t\u00f6rt\u00e9netekkel vagy hosszan tart\u00f3 stresszhat\u00e1ssal.<\/p>\t\t\t\t\t\t\t\t<\/div>\n\t\t\t\t<\/div>\n\t\t\t\t<div class=\"elementor-element elementor-element-19316ce8 elementor-widget elementor-widget-heading\" data-id=\"19316ce8\" data-element_type=\"widget\" data-e-type=\"widget\" data-widget_type=\"heading.default\">\n\t\t\t\t<div class=\"elementor-widget-container\">\n\t\t\t\t\t<h2 class=\"elementor-heading-title elementor-size-default\">Kismedencei talaj tudatos\u00edt\u00e1sa, fizikoter\u00e1pia, fascia \u00e9s biofeedback t\u00e1mogat\u00e1s <\/h2>\t\t\t\t<\/div>\n\t\t\t\t<\/div>\n\t\t\t\t<div class=\"elementor-element elementor-element-4a7984bb elementor-widget elementor-widget-text-editor\" data-id=\"4a7984bb\" data-element_type=\"widget\" data-e-type=\"widget\" data-widget_type=\"text-editor.default\">\n\t\t\t\t<div class=\"elementor-widget-container\">\n\t\t\t\t\t\t\t\t\t<p>A szakmai t\u00e1mogat\u00e1s egyik legelterjedtebb form\u00e1ja a <strong>medencefen\u00e9k fizikoter\u00e1pia<\/strong> (medencefen\u00e9k PT), amely az \u00e9rt\u00e9kel\u00e9sre, oktat\u00e1sra \u00e9s az egy\u00e9n mint\u00e1j\u00e1ra szabott, ir\u00e1ny\u00edtott gyakorlatokra \u00f6sszpontos\u00edt. A medencefen\u00e9k gy\u00f3gytorn\u00e1szok speci\u00e1lisan k\u00e9pzettek, hogy seg\u00edtsenek az egy\u00e9neknek:<\/p><ul><li>Megtanulj\u00e1k, hogyan m\u0171k\u00f6dnek a medencefen\u00e9k izmai (nem csak azt, hogy hogyan kell \u201ckegelt\u201d).<\/li><li>Jav\u00edtja a medencefen\u00e9k, a l\u00e9gz\u00e9s \u00e9s a mozg\u00e1s k\u00f6z\u00f6tti koordin\u00e1ci\u00f3t.<\/li><li>Mind a hipot\u00f3ni\u00e1s (alulm\u0171k\u00f6d\u0151), mind a hipert\u00f3ni\u00e1s (t\u00falm\u0171k\u00f6d\u0151) kismedencei talajmint\u00e1k kezel\u00e9se.<\/li><li>Cs\u00f6kkenti a f\u00e1jdalommint\u00e1kat \u00e9s jav\u00edtja a mindennapi mozg\u00e1s \u00e9s az intimit\u00e1s t\u0171r\u0151k\u00e9pess\u00e9g\u00e9t.<\/li><li>Az \u00f6nbizalom helyre\u00e1ll\u00edt\u00e1sa olyan tev\u00e9kenys\u00e9gekkel, mint az emel\u00e9s, a testmozg\u00e1s \u00e9s a sporthoz val\u00f3 visszat\u00e9r\u00e9s.<\/li><li>Hangs\u00falyozzuk a relax\u00e1ci\u00f3t, a le-szab\u00e1lyoz\u00e1st \u00e9s az idegrendszer biztons\u00e1g\u00e1t - nem csak az er\u0151s\u00edt\u00e9st.<\/li><\/ul><p><strong>Gy\u00f3gyul\u00e1s \u00e9s a fascia szerepe<\/strong><\/p><p>\u00a0<\/p><p>A gy\u00f3gyul\u00e1s nem csak egy izomt\u00f6rt\u00e9net, hanem egy fascia- \u00e9s sz\u00f6vett\u00f6rt\u00e9net is. A fascia az a k\u00f6t\u0151sz\u00f6veti h\u00e1l\u00f3, amely k\u00f6r\u00fclveszi az izmokat \u00e9s a szerveket, \u00e9s seg\u00edt az er\u0151 \u00e1tvitel\u00e9ben a testen kereszt\u00fcl. A medencefen\u00e9k egy nagyobb fasciah\u00e1l\u00f3zatban helyezkedik el, amely \u00f6sszek\u00f6ti a cs\u00edp\u0151t, a hasat, a h\u00e1t als\u00f3 r\u00e9sz\u00e9t, a rekeszizmot \u00e9s m\u00e9g a bels\u0151 combokat is.<\/p><p>\u00a0<\/p><p>Ha a medencefen\u00e9kkel kapcsolatos probl\u00e9m\u00e1k f\u00e1jdalommal, fesz\u00fclts\u00e9ggel, hegesed\u00e9ssel (bele\u00e9rtve a sz\u00fcl\u00e9s ut\u00e1ni vagy m\u0171t\u00e9ti hegeket) vagy a korl\u00e1toz\u00e1s \u00e9rz\u00e9s\u00e9vel j\u00e1rnak, a c\u00e9l gyakran a helyre\u00e1ll\u00edt\u00e1s:<\/p><ul><li>Sz\u00f6veti sikl\u00e1s \u00e9s mobilit\u00e1s<\/li><li>Kiegyens\u00falyozott fesz\u00fclts\u00e9g a medence ter\u00fclet\u00e9n<\/li><li>K\u00e9nyelmes, \u00f6sszehangolt mozg\u00e1s<\/li><li>A bels\u0151 biztons\u00e1g \u00e9s puhas\u00e1g \u00e9rz\u00e9se<\/li><\/ul><p><strong>Kismedencei talaj PT<\/strong> tartalmazhat olyan oktat\u00e1st \u00e9s technik\u00e1kat, amelyek t\u00e1mogatj\u00e1k a fasci\u00e1lis rugalmass\u00e1got \u00e9s az eg\u00e9szs\u00e9ges sz\u00f6veti alkalmazkod\u00e1st, seg\u00edtve a testet a mozg\u00e1s \u201c\u00fajrat\u00e9rk\u00e9pez\u00e9s\u00e9ben\u201d \u00e9s az id\u0151 m\u00fal\u00e1s\u00e1val a v\u00e9d\u0151burkolatok cs\u00f6kkent\u00e9s\u00e9ben.<\/p>\t\t\t\t\t\t\t\t<\/div>\n\t\t\t\t<\/div>\n\t\t\t\t<div class=\"elementor-element elementor-element-ac7dc22 elementor-widget elementor-widget-heading\" data-id=\"ac7dc22\" data-element_type=\"widget\" data-e-type=\"widget\" data-widget_type=\"heading.default\">\n\t\t\t\t<div class=\"elementor-widget-container\">\n\t\t\t\t\t<h2 class=\"elementor-heading-title elementor-size-default\">Hogyan eg\u00e9sz\u00edtheti ki a biofeedback a kismedencei talaj PT-t? <\/h2>\t\t\t\t<\/div>\n\t\t\t\t<\/div>\n\t\t\t\t<div class=\"elementor-element elementor-element-c012c4d elementor-widget elementor-widget-text-editor\" data-id=\"c012c4d\" data-element_type=\"widget\" data-e-type=\"widget\" data-widget_type=\"text-editor.default\">\n\t\t\t\t<div class=\"elementor-widget-container\">\n\t\t\t\t\t\t\t\t\t<p><a href=\"https:\/\/www.qxworld.eu\/quantum-biofeedback\/\"><u><b>Biofeedback<\/b><\/u><\/a> a medencefen\u00e9k fizikoter\u00e1pia mellett is alkalmazhat\u00f3, ink\u00e1bb t\u00e1mogat\u00f3 kieg\u00e9sz\u00edt\u00e9sk\u00e9nt szolg\u00e1lhat, hogy seg\u00edtsen az egy\u00e9neknek tudatos\u00edtani a bels\u0151 fiziol\u00f3giai mint\u00e1kat, mintsem m\u00e1s m\u00f3dozatok helyettes\u00edt\u00e9s\u00e9re.<\/p><p>\u00a0<\/p><p><strong>A medencefen\u00e9kkel \u00f6sszef\u00fcgg\u00e9sben a biofeedback t\u00e1mogathatja:<\/strong><\/p><ul><li>Az izomaktiv\u00e1ci\u00f3s \u00e9s relax\u00e1ci\u00f3s mint\u00e1k tudatos\u00edt\u00e1sa<\/li><li>Betekint\u00e9s az idegrendszer-izom kommunik\u00e1ci\u00f3ba<\/li><li>A megszokott fesz\u00fclts\u00e9g, szor\u00edt\u00e1s vagy tart\u00e1si viselked\u00e9s felismer\u00e9se<\/li><li>Nagyobb k\u00f6vetkezetess\u00e9g a ter\u00e1pi\u00e1s \u00fcl\u00e9sek k\u00f6z\u00f6tt a tudatoss\u00e1g meger\u0151s\u00edt\u00e9s\u00e9vel<\/li><\/ul><p>Egyesek sz\u00e1m\u00e1ra a biofeedback seg\u00edt \u00e1t\u00fcltetni a kismedencei PT sor\u00e1n tanultakat a mindennapi \u00e9letbe. A mint\u00e1k val\u00f3s id\u0151ben t\u00f6rt\u00e9n\u0151 megtekint\u00e9se k\u00e9zzelfoghat\u00f3bb\u00e1 teheti az olyan fogalmakat, mint az \u201celenged\u00e9s\u201d, \u201cl\u00e1gy\u00edt\u00e1s\u201d, \u201ckoordin\u00e1ci\u00f3 a l\u00e9gz\u00e9ssel\u201d vagy \u201caz alapfesz\u00fclts\u00e9g cs\u00f6kkent\u00e9se\u201d - k\u00fcl\u00f6n\u00f6sen azok sz\u00e1m\u00e1ra, akik f\u00e1jdalommint\u00e1kkal vagy testtart\u00e1s-kompenz\u00e1ci\u00f3val dolgoznak.<\/p><p>\u00a0<\/p><p><strong>A legfontosabb tudnival\u00f3k<\/strong><\/p><ul><li>A medencefen\u00e9k t\u00e1mogatja a kontinenci\u00e1t, a testtart\u00e1st \u00e9s a szexu\u00e1lis funkci\u00f3kat.<\/li><li>A medencefen\u00e9k izmai a n\u0151ket \u00e9s a f\u00e9rfiakat egyar\u00e1nt \u00e9rintik<\/li><li>A terhess\u00e9g, a stressz \u00e9s az \u00f6reged\u00e9s befoly\u00e1solja a medencefen\u00e9k eg\u00e9szs\u00e9g\u00e9t<\/li><li>A tudatoss\u00e1g legal\u00e1bb annyira sz\u00e1m\u00edt, mint az er\u0151<\/li><li>A medencefen\u00e9k eg\u00e9szs\u00e9g\u00e9t nem a t\u00fcnetekkel, hanem a meg\u00e9rt\u00e9ssel kell kezdeni.<\/li><li>A biofeedback t\u00e1mogathatja az \u00f6nszab\u00e1lyoz\u00e1st \u00e9s a bel\u00e1t\u00e1st<\/li><\/ul><p>Tov\u00e1bbi inform\u00e1ci\u00f3k <a href=\"https:\/\/www.qxworld.eu\/quantum-biofeedback\/\"><u><b>kvantum biofeedback<\/b><\/u><\/a> \u00e9s hogyan t\u00e1mogathatja a medencefen\u00e9k tudatoss\u00e1g\u00e1t \u00e9s \u00f6nszab\u00e1lyoz\u00e1s\u00e1t, <a href=\"https:\/\/www.qxworld.eu\/blog\/events\/the-pelvic-floor-the-hidden-foundation\/\"><b><u>fontolja meg, hogy r\u00e9szt vesz a vonatkoz\u00f3 webin\u00e1riumunkon<\/u><\/b><\/a>.<\/p>\t\t\t\t\t\t\t\t<\/div>\n\t\t\t\t<\/div>\n\t\t\t\t\t<\/div>\n\t\t<\/div>\n\t\t\t\t\t<\/div>\n\t\t<\/section>\n\t\t<div class=\"elementor-element elementor-element-2dbb2e25 e-flex e-con-boxed e-con e-parent\" data-id=\"2dbb2e25\" data-element_type=\"container\" data-e-type=\"container\" data-settings=\"{&quot;jet_parallax_layout_list&quot;:[]}\">\n\t\t\t\t\t<div class=\"e-con-inner\">\n\t\t\t\t\t<\/div>\n\t\t\t\t<\/div>\n\t\t\t\t<\/div>","protected":false},"excerpt":{"rendered":"<p>Pelvic floor health is one of the most important\u2014and least openly discussed\u2014foundations of physical wellbeing. The pelvic floor influences bladder and bowel control, sexual function, posture, breathing, and core stability, yet many people move through life without ever learning what the pelvic floor is, where it is located, or how it functions in daily movement [&hellip;]<\/p>\n","protected":false},"author":4,"featured_media":371804,"comment_status":"closed","ping_status":"open","sticky":false,"template":"","format":"standard","meta":{"_acf_changed":false,"_seopress_robots_primary_cat":"","_seopress_titles_title":"Pelvic Floor Muscles: Anatomy, Function, Common Issues","_seopress_titles_desc":"Learn what the pelvic floor muscles are, where they are located, how they work in women and men, and how biofeedback-based approaches may support awareness and self-regulation.","_seopress_robots_index":"","footnotes":""},"categories":[92,165],"tags":[],"class_list":["post-371872","post","type-post","status-publish","format-standard","has-post-thumbnail","hentry","category-blog","category-qx-views"],"acf":[],"_links":{"self":[{"href":"https:\/\/www.qxworld.eu\/hu\/wp-json\/wp\/v2\/posts\/371872","targetHints":{"allow":["GET"]}}],"collection":[{"href":"https:\/\/www.qxworld.eu\/hu\/wp-json\/wp\/v2\/posts"}],"about":[{"href":"https:\/\/www.qxworld.eu\/hu\/wp-json\/wp\/v2\/types\/post"}],"author":[{"embeddable":true,"href":"https:\/\/www.qxworld.eu\/hu\/wp-json\/wp\/v2\/users\/4"}],"replies":[{"embeddable":true,"href":"https:\/\/www.qxworld.eu\/hu\/wp-json\/wp\/v2\/comments?post=371872"}],"version-history":[{"count":5,"href":"https:\/\/www.qxworld.eu\/hu\/wp-json\/wp\/v2\/posts\/371872\/revisions"}],"predecessor-version":[{"id":371882,"href":"https:\/\/www.qxworld.eu\/hu\/wp-json\/wp\/v2\/posts\/371872\/revisions\/371882"}],"wp:featuredmedia":[{"embeddable":true,"href":"https:\/\/www.qxworld.eu\/hu\/wp-json\/wp\/v2\/media\/371804"}],"wp:attachment":[{"href":"https:\/\/www.qxworld.eu\/hu\/wp-json\/wp\/v2\/media?parent=371872"}],"wp:term":[{"taxonomy":"category","embeddable":true,"href":"https:\/\/www.qxworld.eu\/hu\/wp-json\/wp\/v2\/categories?post=371872"},{"taxonomy":"post_tag","embeddable":true,"href":"https:\/\/www.qxworld.eu\/hu\/wp-json\/wp\/v2\/tags?post=371872"}],"curies":[{"name":"wp","href":"https:\/\/api.w.org\/{rel}","templated":true}]}}